{"id":301850,"date":"2025-08-07T03:47:16","date_gmt":"2025-08-07T03:47:16","guid":{"rendered":"https:\/\/www.europesays.com\/fr\/301850\/"},"modified":"2025-08-07T03:47:16","modified_gmt":"2025-08-07T03:47:16","slug":"revolution-dans-vos-poubelles-bienvenue-a-lere-du-bac-connecte","status":"publish","type":"post","link":"https:\/\/www.europesays.com\/fr\/301850\/","title":{"rendered":"R\u00c9VOLUTION DANS VOS POUBELLES : BIENVENUE \u00c0 L&rsquo;\u00c8RE DU BAC CONNECT\u00c9"},"content":{"rendered":"<p>                <a href=\"https:\/\/cadenceradio.fr\" target=\"_blank\" aria-label=\"Banni\u00e8re Cadence 2025\" rel=\"noopener\"><img loading=\"lazy\" decoding=\"async\" src=\"https:\/\/www.europesays.com\/fr\/wp-content\/uploads\/2025\/07\/Banniere-Cadence-2025-scaled.jpg\" alt=\"\"   width=\"2560\" height=\"738\"\/><\/a><\/p>\n<p>La mutation la plus frappante concerne le d\u00e9ploiement, actuellement en cours sur les 45 000 foyers du secteur, de contenants gris r\u00e9volutionnaires dot\u00e9s de technologie \u00e9lectronique embarqu\u00e9e. Cette innovation permet l\u2019identification pr\u00e9cise de chaque r\u00e9cipient et de son propri\u00e9taire, selon les explications de Pierre Giraud, \u00e9lu responsable du secteur d\u00e9chets. Le calendrier est strict : l\u2019\u00e9quipement complet doit s\u2019achever avant le 10 ao\u00fbt. Au-del\u00e0 de cette \u00e9ch\u00e9ance, les anciens r\u00e9cipients ne b\u00e9n\u00e9ficieront plus du service de ramassage.<\/p>\n<p>Vers une facturation r\u00e9volutionnaire<\/p>\n<p>Ces r\u00e9cipients connect\u00e9s constituent le fondement du futur syst\u00e8me de tarification incitative, programm\u00e9 pour 2026. Le concept bouleverse les habitudes : la facturation se basera non plus sur le poids mais sur la fr\u00e9quence de pr\u00e9sentation des contenants. L\u2019ann\u00e9e 2025 constituera une p\u00e9riode d\u2019apprentissage sans impact financier, permettant l\u2019adaptation progressive. La premi\u00e8re facturation bas\u00e9e sur les \u00ab\u00a0pr\u00e9sentations\u00a0\u00bb de 2026 appara\u00eetra avec la taxe fonci\u00e8re de 2027.<\/p>\n<p>Cette approche novatrice s\u2019accompagne d\u2019une restructuration majeure du ramassage. Depuis janvier, l\u2019ensemble des municipalit\u00e9s de LFA a adopt\u00e9 un rythme bimensuel pour la collecte des r\u00e9sidus non recyclables.<\/p>\n<p>Dans les zones urbaines denses, le ramassage domiciliaire c\u00e8de la place \u00e0 des espaces de d\u00e9p\u00f4t collectif, \u00e0 l\u2019image de Montbrison et Moingt qui comptent d\u00e9j\u00e0 19 emplacements. Innovation suppl\u00e9mentaire : l\u2019acc\u00e8s \u00e0 ces bornes n\u00e9cessitera d\u00e9sormais un identifiant personnalis\u00e9. La remise de ces identifiants a commenc\u00e9 fin juin, pour un d\u00e9marrage op\u00e9rationnel \u00e0 l\u2019automne.<\/p>\n<p>Des r\u00e9sultats encourageants d\u00e9j\u00e0 mesurables<\/p>\n<p>Cette strat\u00e9gie s\u2019appuie sur des performances d\u00e9j\u00e0 tangibles. L\u2019optimisation du recyclage et la r\u00e9cup\u00e9ration des d\u00e9chets organiques (repr\u00e9sentant un tiers des rejets domestiques) ont permis \u00e0 chaque r\u00e9sident de diminuer sa production de r\u00e9sidus non valoris\u00e9s de 200 \u00e0 164 kg annuellement. Cet engagement collectif a g\u00e9n\u00e9r\u00e9 une \u00e9conomie de 4 000 tonnes de d\u00e9tritus enfouis sur douze mois, l\u00e9gitimant ainsi l\u2019all\u00e8gement fiscal. Christophe Bazile, dirigeant de LFA, vise l\u2019objectif ambitieux de 100 kg par habitant et par an, d\u00e9montrant qu\u2019\u00e9cologie et \u00e9conomies citoyennes peuvent parfaitement s\u2019harmoniser.<\/p>\n","protected":false},"excerpt":{"rendered":"La mutation la plus frappante concerne le d\u00e9ploiement, actuellement en cours sur les 45 000 foyers du secteur,&hellip;\n","protected":false},"author":2,"featured_media":301851,"comment_status":"","ping_status":"","sticky":false,"template":"","format":"standard","meta":{"footnotes":""},"categories":[9653],"tags":[1111,11,2430,1777,674,1011,27,3367,7357,12,25,9838,9669,4001],"class_list":{"0":"post-301850","1":"post","2":"type-post","3":"status-publish","4":"format-standard","5":"has-post-thumbnail","7":"category-saint-etienne","8":"tag-actu","9":"tag-actualites","10":"tag-auvergne-rhone-alpes","11":"tag-eu","12":"tag-europe","13":"tag-fr","14":"tag-france","15":"tag-loire","16":"tag-montbrison","17":"tag-news","18":"tag-republique-francaise","19":"tag-roanne","20":"tag-saint-chamond","21":"tag-saint-etienne"},"share_on_mastodon":{"url":"https:\/\/pubeurope.com\/@fr\/114985438009281828","error":""},"_links":{"self":[{"href":"https:\/\/www.europesays.com\/fr\/wp-json\/wp\/v2\/posts\/301850","targetHints":{"allow":["GET"]}}],"collection":[{"href":"https:\/\/www.europesays.com\/fr\/wp-json\/wp\/v2\/posts"}],"about":[{"href":"https:\/\/www.europesays.com\/fr\/wp-json\/wp\/v2\/types\/post"}],"author":[{"embeddable":true,"href":"https:\/\/www.europesays.com\/fr\/wp-json\/wp\/v2\/users\/2"}],"replies":[{"embeddable":true,"href":"https:\/\/www.europesays.com\/fr\/wp-json\/wp\/v2\/comments?post=301850"}],"version-history":[{"count":0,"href":"https:\/\/www.europesays.com\/fr\/wp-json\/wp\/v2\/posts\/301850\/revisions"}],"wp:featuredmedia":[{"embeddable":true,"href":"https:\/\/www.europesays.com\/fr\/wp-json\/wp\/v2\/media\/301851"}],"wp:attachment":[{"href":"https:\/\/www.europesays.com\/fr\/wp-json\/wp\/v2\/media?parent=301850"}],"wp:term":[{"taxonomy":"category","embeddable":true,"href":"https:\/\/www.europesays.com\/fr\/wp-json\/wp\/v2\/categories?post=301850"},{"taxonomy":"post_tag","embeddable":true,"href":"https:\/\/www.europesays.com\/fr\/wp-json\/wp\/v2\/tags?post=301850"}],"curies":[{"name":"wp","href":"https:\/\/api.w.org\/{rel}","templated":true}]}}