{"id":301854,"date":"2025-08-07T03:50:11","date_gmt":"2025-08-07T03:50:11","guid":{"rendered":"https:\/\/www.europesays.com\/fr\/301854\/"},"modified":"2025-08-07T03:50:11","modified_gmt":"2025-08-07T03:50:11","slug":"deportation-de-quarante-personnes-heros-du-rct-victimes-des-bombardements-5-choses-a-savoir-sur-toulon-pendant-la-seconde-guerre-mondiale","status":"publish","type":"post","link":"https:\/\/www.europesays.com\/fr\/301854\/","title":{"rendered":"D\u00e9portation de quarante personnes, h\u00e9ros du RCT, victimes des bombardements&#8230; 5 choses \u00e0 savoir sur Toulon pendant la Seconde Guerre mondiale"},"content":{"rendered":"<p>On connaissait le Toulon \u00a0\u00bb ol\u00e9 ol\u00e9 \u00a0\u00bb ou le Toulon insolite mais pas encore le Toulon durant la Seconde Guerre mondiale. Organis\u00e9e par le M\u00e9morial du D\u00e9barquement et de la Lib\u00e9ration en Provence, cette visite guid\u00e9e est pour la premi\u00e8re fois propos\u00e9e aux estivants. Ou comment d\u00e9couvrir la capitale du Var en se nourrissant d\u2019anecdotes historiques \u00e0 son sujet.<\/p>\n<p>En voici cinq (parmi d\u2019autres), racont\u00e9es par Enzo Maurel, le m\u00e9diateur culturel charg\u00e9 de cette d\u00e9ambulation dans le temps.<\/p>\n<p><strong>Une plaque rend hommage aux victimes des bombardements<\/strong><\/p>\n<p>Le d\u00e9but de ce parcours urbain est fix\u00e9 au monument aux morts, place Gabriel-P\u00e9ri. \u00ab\u00a0Une plaque y figure \u201c\u00e0 la m\u00e9moire des victimes civiles des bombardements de Toulon\u201c\u00a0\u00bb, signale Enzo Maurel. \u00ab\u00a0Pour affaiblir l\u2019ennemi et pr\u00e9parer le D\u00e9barquement de Provence, les alli\u00e9s ont ainsi vis\u00e9, depuis le ciel, les Allemands qui occupaient le port de Toulon\u00a0\u00bb.<\/p>\n<p>Pr\u00e8s de 1.000 civils p\u00e9riront entre Toulon et La Seyne lors des huit bombardements qui frapperont la ville entre novembre 1943 et ao\u00fbt 1944.<\/p>\n<p><strong>Le Grand h\u00f4tel ou les abords de l\u2019op\u00e9ra investis par l\u2019ennemi<\/strong><\/p>\n<p>\u00ab\u00a0La commission d\u2019armistice italo-allemande occupait le Grand h\u00f4tel, sur la place de la Libert\u00e9, en 1940\u00a0\u00bb, souligne Enzo Maurel, devant les touristes admirant l\u2019architecture raffin\u00e9e de l\u2019immeuble. \u00c0 c\u00f4t\u00e9 de l\u2019op\u00e9ra, rue Moli\u00e8re, \u00ab\u00a0le b\u00e2timent accueillait la milice et la ligue des volontaires fran\u00e7ais\u00a0\u00bb, deux mouvements vichystes tristement c\u00e9l\u00e8bres pour leur collaborationnisme.<\/p>\n<p><strong>Les halles portent le nom d\u2019une grande r\u00e9sistante<\/strong><\/p>\n<p>L\u2019exploitation des lieux par la marque basque Biltoki ne doit pas faire oublier l\u2019histoire des halles. En 1956, celles-ci ont pris le nom d\u2019Esther Poggio, une revendeuse qui travaillait dans le \u00ab\u00a0ventre de Toulon\u00a0\u00bb. \u00ab\u00a0C\u2019est un des rares monuments \u00e0 porter le patronyme d\u2019une femme\u00a0\u00bb, explique Enzo Maurel. \u00ab\u00a0Et pour cause: il s\u2019agissait d\u2019une jeune r\u00e9sistante qui travaillait ici avec ses parents, cachant m\u00eame des armes au sous-sol.\u00a0\u00bb <\/p>\n<p>Aujourd\u2019hui, une plaque lui rend hommage et rappelle que cette agente de liaison a \u00e9t\u00e9 arr\u00eat\u00e9e et fusill\u00e9e le 15 ao\u00fbt 1944.<\/p>\n<p><strong>La d\u00e9portation organis\u00e9e depuis la place Puget<\/strong><\/p>\n<p>C\u2019est une petite porte rouge, au milieu de la place Puget, \u00e0 laquelle personne ne pr\u00eate attention. \u00ab\u00a0Ici, il y avait le commissariat aux questions juives\u00a0\u00bb, annonce le guide. Le 26 ao\u00fbt 1942, quarante personnes seront arr\u00eat\u00e9es \u00e0 Toulon et d\u00e9port\u00e9es.<\/p>\n<p>Enzo Maurel raconte que sa grande tante, l\u2019\u00e9crivaine et po\u00e9tesse Micheline Maurel, a elle aussi \u00e9t\u00e9 envoy\u00e9e \u00e0 Ravensbr\u00fcck pour son r\u00f4le jou\u00e9e dans la R\u00e9sistance.<\/p>\n<p><strong>Des rugbymen du RCT ont donn\u00e9 leur vie<\/strong><\/p>\n<p>Le stade Mayol a accueilli nombre de rugbymen talentueux mais \u00e9galement quelques h\u00e9ros de la Seconde Guerre mondiale. \u00ab\u00a0C\u2019est notamment le cas d\u2019Henri Laugier, ou encore de Joseph Lafontan\u00a0\u00bb, rappelle Enzo Maurel.<\/p>\n<p>Le pilier droit varois, dans l\u2019\u00e9quipe qui remportera le premier titre de champion de France du RCT en 1931, est \u00ab\u00a0un martyr de la R\u00e9sistance\u00a0\u00bb, fusill\u00e9 \u00e0 Beaulieu pour un acte de sabotage sur un poste \u00e9lectrique. La tribune pr\u00e9sidentielle porte aujourd\u2019hui son nom.<\/p>\n<p>Savoir + <\/p>\n<p>Balades urbaines du M\u00e9morial:<\/p>\n<p>&#8211; Toulon durant la Seconde Guerre mondiale: vendredis 8 ao\u00fbt, 15 ao\u00fbt et 22 ao\u00fbt \u00e0 10h (dur\u00e9e 1h30). Point de d\u00e9part au monument aux morts.<\/p>\n<p>&#8211; La Lib\u00e9ration de Toulon: jeudi 28 ao\u00fbt et vendredi 29 ao\u00fbt \u00e0 10h. Point de d\u00e9part devant la fac de droit.<\/p>\n<p>Gratuit. R\u00e9servation obligatoire: <a href=\"https:\/\/www.varmatin.com\/histoire\/mailto:mediation.montfaron@onacvg.fr\" target=\"_blank\" rel=\"noopener nofollow\">mediation.montfaron@onacvg.fr<\/a><\/p>\n","protected":false},"excerpt":{"rendered":"On connaissait le Toulon \u00a0\u00bb ol\u00e9 ol\u00e9 \u00a0\u00bb ou le Toulon insolite mais pas encore le Toulon durant&hellip;\n","protected":false},"author":2,"featured_media":301855,"comment_status":"","ping_status":"","sticky":false,"template":"","format":"standard","meta":{"footnotes":""},"categories":[9619],"tags":[1111,11,1777,674,1011,27,937,12,882,25,2310,3366],"class_list":{"0":"post-301854","1":"post","2":"type-post","3":"status-publish","4":"format-standard","5":"has-post-thumbnail","7":"category-toulon","8":"tag-actu","9":"tag-actualites","10":"tag-eu","11":"tag-europe","12":"tag-fr","13":"tag-france","14":"tag-histoire","15":"tag-news","16":"tag-provence-alpes-cote-dazur","17":"tag-republique-francaise","18":"tag-toulon","19":"tag-vie-locale"},"share_on_mastodon":{"url":"https:\/\/pubeurope.com\/@fr\/114985449833369867","error":""},"_links":{"self":[{"href":"https:\/\/www.europesays.com\/fr\/wp-json\/wp\/v2\/posts\/301854","targetHints":{"allow":["GET"]}}],"collection":[{"href":"https:\/\/www.europesays.com\/fr\/wp-json\/wp\/v2\/posts"}],"about":[{"href":"https:\/\/www.europesays.com\/fr\/wp-json\/wp\/v2\/types\/post"}],"author":[{"embeddable":true,"href":"https:\/\/www.europesays.com\/fr\/wp-json\/wp\/v2\/users\/2"}],"replies":[{"embeddable":true,"href":"https:\/\/www.europesays.com\/fr\/wp-json\/wp\/v2\/comments?post=301854"}],"version-history":[{"count":0,"href":"https:\/\/www.europesays.com\/fr\/wp-json\/wp\/v2\/posts\/301854\/revisions"}],"wp:featuredmedia":[{"embeddable":true,"href":"https:\/\/www.europesays.com\/fr\/wp-json\/wp\/v2\/media\/301855"}],"wp:attachment":[{"href":"https:\/\/www.europesays.com\/fr\/wp-json\/wp\/v2\/media?parent=301854"}],"wp:term":[{"taxonomy":"category","embeddable":true,"href":"https:\/\/www.europesays.com\/fr\/wp-json\/wp\/v2\/categories?post=301854"},{"taxonomy":"post_tag","embeddable":true,"href":"https:\/\/www.europesays.com\/fr\/wp-json\/wp\/v2\/tags?post=301854"}],"curies":[{"name":"wp","href":"https:\/\/api.w.org\/{rel}","templated":true}]}}