{"id":301860,"date":"2025-08-07T03:53:30","date_gmt":"2025-08-07T03:53:30","guid":{"rendered":"https:\/\/www.europesays.com\/fr\/301860\/"},"modified":"2025-08-07T03:53:30","modified_gmt":"2025-08-07T03:53:30","slug":"le-jeune-simon-ngapandouetnbu-attendu-ce-jeudi-a-montpellier","status":"publish","type":"post","link":"https:\/\/www.europesays.com\/fr\/301860\/","title":{"rendered":"le jeune Simon Ngapandouetnbu attendu ce jeudi \u00e0 Montpellier"},"content":{"rendered":"<p>Lui aussi a finalement \u00e9t\u00e9 pouss\u00e9 vers la sortie apr\u00e8s un pr\u00eat plut\u00f4t r\u00e9ussi \u00e0 N\u00eemes (National) la saison derni\u00e8re et ce, malgr\u00e9 la descente des Crocos. Sous contrat avec l\u2019OM jusqu\u2019en\u00a02027, il n\u2019a pas pris part \u00e0 la rencontre amicale jou\u00e9e mardi soir, \u00e0 Salon, contre Dijon. Et pour cause, son d\u00e9part \u00e9tait quasiment act\u00e9, \u00e0 cet instant-l\u00e0. Il va se mat\u00e9rialiser tr\u00e8s rapidement et son avenir va s\u2019\u00e9crire un peu plus \u00e0 l\u2019ouest, \u00e0 <a href=\"https:\/\/www.laprovence.com\/article\/om\/3106421467473415\/om-montpellier-un-adversaire-qui-reussit-au-club-olympien\" target=\"_blank\" rel=\"noopener\">Montpellier, qui vient d\u2019\u00eatre rel\u00e9gu\u00e9 en Ligue 2<\/a>.<\/p>\n<p>\u00ab\u00a0L\u2019OM a facilit\u00e9 les choses\u00a0\u00bb<\/p>\n<p>Devenu professionnel en octobre\u00a02019, \u00e0 seulement 16\u00a0ans, Simon Ngapandouetnbu est tout proche de rejoindre l\u2019H\u00e9rault o\u00f9 il va d\u00e9barquer comme titulaire, pour remplacer Benjamin Lecomte parti \u00e0 Fulham. \u00ab\u00a0On avance bien. On a un accord verbal avec Marseille. Bruno (Carotti, directeur sportif du MHSC, ndlr) a bien travaill\u00e9 avec Medhi (Benatia). J\u2019ai eu Pablo (Longoria) qui a \u00e9t\u00e9 super et a jou\u00e9 le jeu. Quand on \u00e9tait all\u00e9 \u00e0 Marseille, il nous avait dit qu\u2019il nous aiderait, il l\u2019a fait. L\u2019OM a facilit\u00e9 les choses pour qu\u2019il vienne. Je le remercie\u00a0\u00bb, a confi\u00e9 ce mercredi en milieu de journ\u00e9e le pr\u00e9sident de la Paillade, Laurent Nicollin, <a href=\"https:\/\/www.midilibre.fr\/2025\/08\/06\/ligue-2-mhsc-montpellier-connait-son-futur-gardien-et-sattend-a-un-depart-de-coulibaly-12863557.php\" target=\"_blank\" rel=\"noopener\">\u00e0 nos confr\u00e8res de Midi Libre<\/a>.<\/p>\n<p>Les n\u00e9gociations ont tellement bien avanc\u00e9 qu&rsquo;un accord total vient d&rsquo;\u00eatre trouv\u00e9 entre les diff\u00e9rentes parties. Simon Ngapandouetnbu est attendu ce jeudi \u00e0 Montpellier pour passer la visite m\u00e9dicale et finaliser son engagement. Il s&rsquo;agit d&rsquo;un transfert gratuit avec des bonus li\u00e9s \u00e0 une \u00e9ventuelle remont\u00e9e parmi l&rsquo;\u00e9lite. Par ailleurs, l&rsquo;OM garde la main sur le gardien gr\u00e2ce \u00e0 une priorit\u00e9 de rachat.<\/p>\n","protected":false},"excerpt":{"rendered":"Lui aussi a finalement \u00e9t\u00e9 pouss\u00e9 vers la sortie apr\u00e8s un pr\u00eat plut\u00f4t r\u00e9ussi \u00e0 N\u00eemes (National) la&hellip;\n","protected":false},"author":2,"featured_media":301861,"comment_status":"","ping_status":"","sticky":false,"template":"","format":"standard","meta":{"footnotes":""},"categories":[9599],"tags":[17,1111,11,10653,1777,674,1011,27,9272,3913,1434,2208,12,44199,2680,149,25,1679],"class_list":{"0":"post-301860","1":"post","2":"type-post","3":"status-publish","4":"format-standard","5":"has-post-thumbnail","7":"category-montpellier","8":"tag-17","9":"tag-actu","10":"tag-actualites","11":"tag-attendu","12":"tag-eu","13":"tag-europe","14":"tag-fr","15":"tag-france","16":"tag-jeudi","17":"tag-jeune","18":"tag-mercato","19":"tag-montpellier","20":"tag-news","21":"tag-ngapandouetnbu","22":"tag-occitanie","23":"tag-om","24":"tag-republique-francaise","25":"tag-simon"},"share_on_mastodon":{"url":"https:\/\/pubeurope.com\/@fr\/114985461487809791","error":""},"_links":{"self":[{"href":"https:\/\/www.europesays.com\/fr\/wp-json\/wp\/v2\/posts\/301860","targetHints":{"allow":["GET"]}}],"collection":[{"href":"https:\/\/www.europesays.com\/fr\/wp-json\/wp\/v2\/posts"}],"about":[{"href":"https:\/\/www.europesays.com\/fr\/wp-json\/wp\/v2\/types\/post"}],"author":[{"embeddable":true,"href":"https:\/\/www.europesays.com\/fr\/wp-json\/wp\/v2\/users\/2"}],"replies":[{"embeddable":true,"href":"https:\/\/www.europesays.com\/fr\/wp-json\/wp\/v2\/comments?post=301860"}],"version-history":[{"count":0,"href":"https:\/\/www.europesays.com\/fr\/wp-json\/wp\/v2\/posts\/301860\/revisions"}],"wp:featuredmedia":[{"embeddable":true,"href":"https:\/\/www.europesays.com\/fr\/wp-json\/wp\/v2\/media\/301861"}],"wp:attachment":[{"href":"https:\/\/www.europesays.com\/fr\/wp-json\/wp\/v2\/media?parent=301860"}],"wp:term":[{"taxonomy":"category","embeddable":true,"href":"https:\/\/www.europesays.com\/fr\/wp-json\/wp\/v2\/categories?post=301860"},{"taxonomy":"post_tag","embeddable":true,"href":"https:\/\/www.europesays.com\/fr\/wp-json\/wp\/v2\/tags?post=301860"}],"curies":[{"name":"wp","href":"https:\/\/api.w.org\/{rel}","templated":true}]}}