{"id":301864,"date":"2025-08-07T04:00:30","date_gmt":"2025-08-07T04:00:30","guid":{"rendered":"https:\/\/www.europesays.com\/fr\/301864\/"},"modified":"2025-08-07T04:00:30","modified_gmt":"2025-08-07T04:00:30","slug":"lens-et-rennes-sur-une-pepite-danoise","status":"publish","type":"post","link":"https:\/\/www.europesays.com\/fr\/301864\/","title":{"rendered":"Lens et Rennes sur une p\u00e9pite danoise"},"content":{"rendered":"<p>Les clubs de <a href=\"https:\/\/www.footmercato.net\/france\/ligue-1\/\" rel=\"nofollow noopener\" target=\"_blank\">Ligue 1<\/a> s\u2019activent de plus en plus sur le march\u00e9 des transferts. Avec le d\u00e9but du championnat qui approche \u00e0 grand pas, les clubs fran\u00e7ais veulent rapidement renforcer leur effectif et ont ainsi profit\u00e9 des matches de pr\u00e9paration pour voir les manques sur certains postes. Dans ce sens, le RC <a href=\"https:\/\/www.footmercato.net\/club\/racing-club-de-lens\/\" rel=\"nofollow noopener\" target=\"_blank\">Lens<\/a> et <a href=\"https:\/\/www.footmercato.net\/club\/stade-rennais-fc\/\" rel=\"nofollow noopener\" target=\"_blank\">Rennes<\/a> ont d\u00e9cid\u00e9 de recruter rapidement un milieu de terrain sur le mercato. Et les deux clubs \u00e9tudient une piste tr\u00e8s int\u00e9ressante du c\u00f4t\u00e9 du Danemark.<\/p>\n<p>            La suite apr\u00e8s cette publicit\u00e9<\/p>\n<p>Selon nos informations, le RCL et le SRFC ont jet\u00e9 leur d\u00e9volu sur <a href=\"https:\/\/www.footmercato.net\/joueur\/oliver-sorensen-jensen\/\" rel=\"nofollow noopener\" target=\"_blank\">Oliver<\/a> Sorensen. Jeune milieu de terrain de 23 ans, il \u00e9volue du c\u00f4t\u00e9 du FC Midtjylland o\u00f9 il a disput\u00e9 plus de 120 matches depuis 2020 (pr\u00eat\u00e9 deux saisons). Auteur d\u2019une tr\u00e8s grosse saison 2024-2025 avec 10 buts en 41 matches, l\u2019international espoirs danois est un profil appr\u00e9ci\u00e9 par Lens et Rennes. Les deux clubs fran\u00e7ais sont m\u00eame pr\u00eats \u00e0 faire une offre entre 6 et 8 millions pour s\u2019attacher ses services. Une offre qui, selon les deux clubs, serait suffisante pour convaincre Midtjylland.<\/p>\n<p>\n    Pub. le 31\/07\/2025 11:40<br \/>\n            &#8211; MAJ le 31\/07\/2025 16:29\n    <\/p>\n","protected":false},"excerpt":{"rendered":"Les clubs de Ligue 1 s\u2019activent de plus en plus sur le march\u00e9 des transferts. Avec le d\u00e9but&hellip;\n","protected":false},"author":2,"featured_media":301865,"comment_status":"","ping_status":"","sticky":false,"template":"","format":"standard","meta":{"footnotes":""},"categories":[2821],"tags":[1111,11,829,1777,674,1011,27,12,584,25],"class_list":{"0":"post-301864","1":"post","2":"type-post","3":"status-publish","4":"format-standard","5":"has-post-thumbnail","7":"category-rennes","8":"tag-actu","9":"tag-actualites","10":"tag-bretagne","11":"tag-eu","12":"tag-europe","13":"tag-fr","14":"tag-france","15":"tag-news","16":"tag-rennes","17":"tag-republique-francaise"},"share_on_mastodon":{"url":"https:\/\/pubeurope.com\/@fr\/114985489018957003","error":""},"_links":{"self":[{"href":"https:\/\/www.europesays.com\/fr\/wp-json\/wp\/v2\/posts\/301864","targetHints":{"allow":["GET"]}}],"collection":[{"href":"https:\/\/www.europesays.com\/fr\/wp-json\/wp\/v2\/posts"}],"about":[{"href":"https:\/\/www.europesays.com\/fr\/wp-json\/wp\/v2\/types\/post"}],"author":[{"embeddable":true,"href":"https:\/\/www.europesays.com\/fr\/wp-json\/wp\/v2\/users\/2"}],"replies":[{"embeddable":true,"href":"https:\/\/www.europesays.com\/fr\/wp-json\/wp\/v2\/comments?post=301864"}],"version-history":[{"count":0,"href":"https:\/\/www.europesays.com\/fr\/wp-json\/wp\/v2\/posts\/301864\/revisions"}],"wp:featuredmedia":[{"embeddable":true,"href":"https:\/\/www.europesays.com\/fr\/wp-json\/wp\/v2\/media\/301865"}],"wp:attachment":[{"href":"https:\/\/www.europesays.com\/fr\/wp-json\/wp\/v2\/media?parent=301864"}],"wp:term":[{"taxonomy":"category","embeddable":true,"href":"https:\/\/www.europesays.com\/fr\/wp-json\/wp\/v2\/categories?post=301864"},{"taxonomy":"post_tag","embeddable":true,"href":"https:\/\/www.europesays.com\/fr\/wp-json\/wp\/v2\/tags?post=301864"}],"curies":[{"name":"wp","href":"https:\/\/api.w.org\/{rel}","templated":true}]}}