{"id":301872,"date":"2025-08-07T04:07:08","date_gmt":"2025-08-07T04:07:08","guid":{"rendered":"https:\/\/www.europesays.com\/fr\/301872\/"},"modified":"2025-08-07T04:07:08","modified_gmt":"2025-08-07T04:07:08","slug":"valemo-decroche-la-supervision-du-parc-eolien-en-mer-yeu-noirmoutier","status":"publish","type":"post","link":"https:\/\/www.europesays.com\/fr\/301872\/","title":{"rendered":"Valemo d\u00e9croche la supervision du parc \u00e9olien en mer Yeu-Noirmoutier"},"content":{"rendered":"<p>L\u2019entreprise Valemo, sp\u00e9cialiste de l\u2019exploitation et de la maintenance des \u00e9nergies renouvelables, a d\u00e9croch\u00e9 un contrat pour la supervision du futur parc \u00e9olien en mer de Yeu-Noirmoutier. La soci\u00e9t\u00e9, dont le si\u00e8ge social est en Gironde, a \u00e9galement une agence \u00e0 Saint-Nazaire.<\/p>\n<p> <strong>Lire aussi\u00a0:<\/strong> <a href=\"https:\/\/nantes.maville.com\/actu\/actudet_-a-saint-nazaire-les-nouveaux-criteres-pour-l-eolien-en-mer-ne-rassurent-pas-_52719-6683669_actu.Htm\" target=\"_blank\" rel=\"noopener\">\u00c0 Saint-Nazaire, les nouveaux crit\u00e8res pour l\u2019\u00e9olien en mer ne rassurent pas<\/a> <\/p>\n<p>Ce contrat porte sur la surveillance \u00e0 distance, 24\u00a0heures sur 24 et 7\u00a0jours sur 7, de l\u2019ensemble des installations du parc, d\u00e9velopp\u00e9es par EMYN (\u00c9oliennes en mer des \u00celes d\u2019Yeu et de\u00a0Noirmoutier). Il s\u2019agit aussi bien de la sous-station \u00e9lectrique construite par les Chantiers de l\u2019Atlantique que des soixante et une\u00a0\u00e9oliennes \u00e9labor\u00e9es par Siemens Gamesa ou des autres \u00e9l\u00e9ments du parc.<\/p>\n<p> <strong>Lire aussi\u00a0:<\/strong> <a href=\"https:\/\/nantes.maville.com\/actu\/actudet_-la-filiere-de-l-eolien-en-mer-denonce-un-moratoire-qui-irait-a-contre-sens-de-l-histoire-_8-6867471_actu.Htm\" target=\"_blank\" rel=\"noopener\">La fili\u00e8re de l\u2019\u00e9olien en mer d\u00e9nonce un moratoire qui irait \u00ab\u00a0\u00e0 contre-sens de l\u2019Histoire\u00a0\u00bb<\/a> <\/p>\n<p>Les \u00e9quipes de Valemo op\u00e9reront depuis le centre de conduite bas\u00e9 \u00e0 B\u00e8gles. Elles assureront la gestion des alertes, leur traitement, la communication avec le gestionnaire de r\u00e9seau RTE. <strong>\u00ab\u00a0<\/strong>  <strong>Il s\u2019agit d\u2019une importante mont\u00e9e en comp\u00e9tences que l\u2019on a amorc\u00e9e il y a 10\u00a0ans\u00a0\u00bb,<\/strong> estime Matthieu Blandin, directeur de la strat\u00e9gie \u00e9olien offshore de Valemo et membre du conseil d\u2019administration du r\u00e9seau nazairien d\u2019entreprises Neopolia.<\/p>\n<p>\u00a0<\/p>\n","protected":false},"excerpt":{"rendered":"L\u2019entreprise Valemo, sp\u00e9cialiste de l\u2019exploitation et de la maintenance des \u00e9nergies renouvelables, a d\u00e9croch\u00e9 un contrat pour la&hellip;\n","protected":false},"author":2,"featured_media":301873,"comment_status":"","ping_status":"","sticky":false,"template":"","format":"standard","meta":{"footnotes":""},"categories":[2817],"tags":[1111,11,1997,9942,18315,1777,674,1011,27,6127,12,2219,153,25,6689,44201,44200,44202,9693],"class_list":{"0":"post-301872","1":"post","2":"type-post","3":"status-publish","4":"format-standard","5":"has-post-thumbnail","7":"category-bordeaux","8":"tag-actu","9":"tag-actualites","10":"tag-bordeaux","11":"tag-decroche","12":"tag-eolien","13":"tag-eu","14":"tag-europe","15":"tag-fr","16":"tag-france","17":"tag-mer","18":"tag-news","19":"tag-nouvelle-aquitaine","20":"tag-parc","21":"tag-republique-francaise","22":"tag-roche","23":"tag-supervision","24":"tag-valemo","25":"tag-yeu-noirmoutier","26":"tag-yon"},"share_on_mastodon":{"url":"https:\/\/pubeurope.com\/@fr\/114985516613991451","error":""},"_links":{"self":[{"href":"https:\/\/www.europesays.com\/fr\/wp-json\/wp\/v2\/posts\/301872","targetHints":{"allow":["GET"]}}],"collection":[{"href":"https:\/\/www.europesays.com\/fr\/wp-json\/wp\/v2\/posts"}],"about":[{"href":"https:\/\/www.europesays.com\/fr\/wp-json\/wp\/v2\/types\/post"}],"author":[{"embeddable":true,"href":"https:\/\/www.europesays.com\/fr\/wp-json\/wp\/v2\/users\/2"}],"replies":[{"embeddable":true,"href":"https:\/\/www.europesays.com\/fr\/wp-json\/wp\/v2\/comments?post=301872"}],"version-history":[{"count":0,"href":"https:\/\/www.europesays.com\/fr\/wp-json\/wp\/v2\/posts\/301872\/revisions"}],"wp:featuredmedia":[{"embeddable":true,"href":"https:\/\/www.europesays.com\/fr\/wp-json\/wp\/v2\/media\/301873"}],"wp:attachment":[{"href":"https:\/\/www.europesays.com\/fr\/wp-json\/wp\/v2\/media?parent=301872"}],"wp:term":[{"taxonomy":"category","embeddable":true,"href":"https:\/\/www.europesays.com\/fr\/wp-json\/wp\/v2\/categories?post=301872"},{"taxonomy":"post_tag","embeddable":true,"href":"https:\/\/www.europesays.com\/fr\/wp-json\/wp\/v2\/tags?post=301872"}],"curies":[{"name":"wp","href":"https:\/\/api.w.org\/{rel}","templated":true}]}}