{"id":301878,"date":"2025-08-07T04:10:13","date_gmt":"2025-08-07T04:10:13","guid":{"rendered":"https:\/\/www.europesays.com\/fr\/301878\/"},"modified":"2025-08-07T04:10:13","modified_gmt":"2025-08-07T04:10:13","slug":"quel-temps-fera-t-il-a-toulouse-et-en-occitanie-ce-jeudi","status":"publish","type":"post","link":"https:\/\/www.europesays.com\/fr\/301878\/","title":{"rendered":"quel temps fera-t-il \u00e0 Toulouse et en Occitanie ce jeudi\u00a0?"},"content":{"rendered":"<p>            Par<br \/>\n        <strong><br \/>\n            <a href=\"https:\/\/actu.fr\/auteur\/lea-afonso\" title=\"Consulter tous les articles de L\u00e9a Afonso\" rel=\"nofollow noopener\" target=\"_blank\">L\u00e9a Afonso<\/a><br \/>\n        <\/strong><\/p>\n<p>        Publi\u00e9 le<\/p>\n<p>            7 ao\u00fbt 2025 \u00e0 5h02        <\/p>\n<p><strong>Chaleur \u00e9crasante, soleil de plomb<\/strong>, voici quel temps il va faire \u00e0 <a href=\"https:\/\/actu.fr\/toulouse\/\" rel=\"nofollow noopener\" target=\"_blank\">Toulouse<\/a> et en <a href=\"https:\/\/actu.fr\/occitanie\/\" rel=\"nofollow noopener\" target=\"_blank\">Occitanie<\/a> ce jeudi 7 ao\u00fbt 2025. Les pr\u00e9visions de M\u00e9t\u00e9o France.\u00a0<\/p>\n<p>Du soleil sur les briques rouges<br \/>\n    <img   decoding=\"async\" loading=\"lazy\" src=\"https:\/\/www.europesays.com\/fr\/wp-content\/uploads\/2025\/08\/meteo-toulouse-1-960x436.png\" alt=\"Attendez-vous \u00e0 de la chaleur sur Toulouse ce jeudi 7 aout 2025. \" width=\"960\" height=\"436\"\/><br \/>\n    Attendez-vous \u00e0 de la chaleur sur Toulouse ce jeudi 7 aout 2025. (\u00a9Capture d\u2019\u00e9cran M\u00e9t\u00e9o France )<\/p>\n<p class=\" wall-content\">Apr\u00e8s un mardi quelque peu nuageux, le <strong>soleil<\/strong> revient bien ce jeudi et il sera accompagn\u00e9 de la chaleur\u2026 et m\u00eame d\u2019une vigilance canicule !\u00a0<\/p>\n<p class=\" wall-content\">Pr\u00e9voyez en moyenne 28\u00b0C dans la matin\u00e9e et 36\u00b0C en moyenne dans l\u2019apr\u00e8s-midi. Pour les <strong>minimales<\/strong> du jour, nous serons \u00e0<strong> 21\u00b0C<\/strong> et les <strong>maximales \u00e0 38\u00b0C<\/strong>.\u00a0<\/p>\n<p>Du beau temps partout !<br \/>\n    <img   decoding=\"async\" loading=\"lazy\" src=\"https:\/\/www.europesays.com\/fr\/wp-content\/uploads\/2025\/08\/meteo-occitanie-1-960x640.png\" alt=\"Une Occitanie sous le soleil et la chaleur. \" width=\"960\" height=\"640\"\/><br \/>\n    Une Occitanie sous le soleil et la chaleur. (\u00a9Capture d\u2019\u00e9cran M\u00e9t\u00e9o France )Vid\u00e9os : en ce moment sur Actu<\/p>\n<p class=\" wall-content\">Mais Toulouse n\u2019a pas de quoi rougir face aux autres villes de l\u2019Occitanie. Effectivement, il fera beau et \u2014 tr\u00e8s \u2014 chaud partout et ce toute la journ\u00e9e.\u00a0<\/p>\n<p class=\" wall-content\">Pr\u00e9voyez en moyenne dans la <strong>matin\u00e9e 27\u00b0C \u00e0 B\u00e9ziers et Auch, 26\u00b0C \u00e0 Montauban et Cahors et 25\u00b0C \u00e0 Rodez<\/strong> et en moyenne dans <strong>l\u2019apr\u00e8s-midi 34\u00b0C \u00e0 Foix, 35\u00b0C \u00e0 Saint-Gaudens cet 36\u00b0C \u00e0 Cahors.\u00a0<\/strong><\/p>\n<p>Vigilance canicule\u00a0<\/p>\n<p class=\" wall-content\">Ces fortes temp\u00e9ratures dans toute la r\u00e9gion am\u00e8nent huit d\u00e9partements \u00e0 \u00eatre plac\u00e9s en vigilance jaune \u00e0 la canicule. Il s\u2019agit de : des Hautes-Pyr\u00e9n\u00e9es, du Gers, du Lot, du Tarn-et-Garonne, de la Haute-Garonne, de l\u2019Aveyron, du Tarn et de l\u2019Ari\u00e8ge.\u00a0<\/p>\n<p class=\" wall-content\">Suivez toute l\u2019actualit\u00e9 de vos villes et m\u00e9dias favoris en vous inscrivant \u00e0 <a href=\"https:\/\/moncompte.actu.fr\" title=\"D\u00e9couvez Mon Actu\" rel=\"nofollow noopener\" data-trk=\"{&quot;cta&quot;:{&quot;action&quot;:&quot;https:\\\/\\\/moncompte.actu.fr&quot;,&quot;category&quot;:&quot;mon compte&quot;,&quot;from&quot;:&quot;article footer&quot;,&quot;name&quot;:&quot;Mon actu&quot;,&quot;type&quot;:&quot;cta&quot;}}\" target=\"_blank\">Mon Actu<\/a>.<\/p>\n","protected":false},"excerpt":{"rendered":"Par L\u00e9a Afonso Publi\u00e9 le 7 ao\u00fbt 2025 \u00e0 5h02 Chaleur \u00e9crasante, soleil de plomb, voici quel temps&hellip;\n","protected":false},"author":2,"featured_media":301879,"comment_status":"","ping_status":"","sticky":false,"template":"","format":"standard","meta":{"footnotes":""},"categories":[2816],"tags":[1111,11,6698,1777,674,1011,27,2487,2357,12,2680,25,2312],"class_list":{"0":"post-301878","1":"post","2":"type-post","3":"status-publish","4":"format-standard","5":"has-post-thumbnail","7":"category-toulouse","8":"tag-actu","9":"tag-actualites","10":"tag-canicule","11":"tag-eu","12":"tag-europe","13":"tag-fr","14":"tag-france","15":"tag-meteo","16":"tag-meteo-france","17":"tag-news","18":"tag-occitanie","19":"tag-republique-francaise","20":"tag-toulouse"},"share_on_mastodon":{"url":"https:\/\/pubeurope.com\/@fr\/114985528431346017","error":""},"_links":{"self":[{"href":"https:\/\/www.europesays.com\/fr\/wp-json\/wp\/v2\/posts\/301878","targetHints":{"allow":["GET"]}}],"collection":[{"href":"https:\/\/www.europesays.com\/fr\/wp-json\/wp\/v2\/posts"}],"about":[{"href":"https:\/\/www.europesays.com\/fr\/wp-json\/wp\/v2\/types\/post"}],"author":[{"embeddable":true,"href":"https:\/\/www.europesays.com\/fr\/wp-json\/wp\/v2\/users\/2"}],"replies":[{"embeddable":true,"href":"https:\/\/www.europesays.com\/fr\/wp-json\/wp\/v2\/comments?post=301878"}],"version-history":[{"count":0,"href":"https:\/\/www.europesays.com\/fr\/wp-json\/wp\/v2\/posts\/301878\/revisions"}],"wp:featuredmedia":[{"embeddable":true,"href":"https:\/\/www.europesays.com\/fr\/wp-json\/wp\/v2\/media\/301879"}],"wp:attachment":[{"href":"https:\/\/www.europesays.com\/fr\/wp-json\/wp\/v2\/media?parent=301878"}],"wp:term":[{"taxonomy":"category","embeddable":true,"href":"https:\/\/www.europesays.com\/fr\/wp-json\/wp\/v2\/categories?post=301878"},{"taxonomy":"post_tag","embeddable":true,"href":"https:\/\/www.europesays.com\/fr\/wp-json\/wp\/v2\/tags?post=301878"}],"curies":[{"name":"wp","href":"https:\/\/api.w.org\/{rel}","templated":true}]}}