{"id":301886,"date":"2025-08-07T04:15:11","date_gmt":"2025-08-07T04:15:11","guid":{"rendered":"https:\/\/www.europesays.com\/fr\/301886\/"},"modified":"2025-08-07T04:15:11","modified_gmt":"2025-08-07T04:15:11","slug":"des-armes-et-250-000-euros-de-stupefiants-saisis","status":"publish","type":"post","link":"https:\/\/www.europesays.com\/fr\/301886\/","title":{"rendered":"des armes et 250 000 euros de stup\u00e9fiants saisis"},"content":{"rendered":"<p itemprop=\"description\"><strong>En choisissant de stocker leur drogue loin de leur point de deal \u00e0 V\u00e9nissieux, ces trafiquants pensaient peut-\u00eatre arriver \u00e0 embrouiller la police.<\/strong><\/p>\n<p>C&rsquo;\u00e9tait mal conna\u00eetre cette \u00e9quipe de la DIPN qui a r\u00e9ussi en juin dernier \u00e0 identifier le v\u00e9hicule qui servait \u00e0 approvisionner les dealers en stup\u00e9fiants.<\/p>\n<p>Depuis, les investigations se sont poursuivies, avec l&rsquo;identification cette-fois des deux individus pr\u00e9sents dans le v\u00e9hicule qui faisait des allers et venues.<\/p>\n<p>L&rsquo;enqu\u00eate a pris une autre dimension lorsque les policiers sont parvenus ensuite \u00e0 filer le v\u00e9hicule jusqu&rsquo;\u00e0 l&rsquo;appartement de Feyzin o\u00f9 \u00e9tait stock\u00e9e la drogue.<\/p>\n<p>Le coup de filet intervenait le 29 juillet, avec l&rsquo;interpellation du duo, ainsi que d&rsquo;un homme \u00e2g\u00e9 de 38 ans dans l&rsquo;appartement.<\/p>\n<p>Sur place, les perquisitions \u00e9taient fructueuses. Dans l&rsquo;appartement, les forces de l&rsquo;ordre mettaient la main sur 13 000 euros, 1,6kg de coca\u00efne, 7kg d&rsquo;herbe de cannabis et 9kg de r\u00e9sine.<\/p>\n<p>Au total, l&rsquo;ensemble des saisies de stup\u00e9fiants \u00e9tait estim\u00e9 \u00e0 254 285 euros.<\/p>\n<p>Les fouilles se poursuivaient dans le garage, o\u00f9 un box a \u00e9t\u00e9 ouvert car il contenait pr\u00e8s d&rsquo;un kilo d&rsquo;herbe de cannabis. A l&rsquo;int\u00e9rieur, deux armes de poing et des munitions \u00e9taient d\u00e9couvertes. Son locataire a \u00e9t\u00e9 interpell\u00e9 et plac\u00e9 en garde \u00e0 vue, il a \u00e9t\u00e9 laiss\u00e9 libre tandis qu&rsquo;une enqu\u00eate a \u00e9t\u00e9 ouverte le concernant.<\/p>\n<p>Le trio de dealers s&rsquo;en tire avec des poursuites a minima. Les deux jeunes hommes qui conduisaient la voiture et approvisionnaient les dealers seront jug\u00e9s pour transport non autoris\u00e9 de stup\u00e9fiants et d\u00e9tention non autoris\u00e9e de stup\u00e9fiants, tandis que le trentenaire le sera pour d\u00e9tention non autoris\u00e9e de stup\u00e9fiants.<\/p>\n<p>L&rsquo;essentiel semble \u00eatre ailleurs, avec un coup important port\u00e9 au portefeuille de la t\u00eate pensante du r\u00e9seau.<\/p>\n","protected":false},"excerpt":{"rendered":"En choisissant de stocker leur drogue loin de leur point de deal \u00e0 V\u00e9nissieux, ces trafiquants pensaient peut-\u00eatre&hellip;\n","protected":false},"author":2,"featured_media":301887,"comment_status":"","ping_status":"","sticky":false,"template":"","format":"standard","meta":{"footnotes":""},"categories":[1889],"tags":[1111,11,2813,2190,2430,1109,251,1112,2811,1777,674,118,1011,27,1922,1110,1114,2428,2810,12,241,316,25,2812,517,800],"class_list":{"0":"post-301886","1":"post","2":"type-post","3":"status-publish","4":"format-standard","5":"has-post-thumbnail","7":"category-lyon","8":"tag-actu","9":"tag-actualites","10":"tag-article","11":"tag-asvel","12":"tag-auvergne-rhone-alpes","13":"tag-breves","14":"tag-culture","15":"tag-depeches","16":"tag-economique","17":"tag-eu","18":"tag-europe","19":"tag-faits-divers","20":"tag-fr","21":"tag-france","22":"tag-info","23":"tag-informations","24":"tag-infos","25":"tag-lyon","26":"tag-lyonmag","27":"tag-news","28":"tag-ol","29":"tag-politique","30":"tag-republique-francaise","31":"tag-sociale","32":"tag-sport","33":"tag-transports"},"share_on_mastodon":{"url":"https:\/\/pubeurope.com\/@fr\/114985548098522935","error":""},"_links":{"self":[{"href":"https:\/\/www.europesays.com\/fr\/wp-json\/wp\/v2\/posts\/301886","targetHints":{"allow":["GET"]}}],"collection":[{"href":"https:\/\/www.europesays.com\/fr\/wp-json\/wp\/v2\/posts"}],"about":[{"href":"https:\/\/www.europesays.com\/fr\/wp-json\/wp\/v2\/types\/post"}],"author":[{"embeddable":true,"href":"https:\/\/www.europesays.com\/fr\/wp-json\/wp\/v2\/users\/2"}],"replies":[{"embeddable":true,"href":"https:\/\/www.europesays.com\/fr\/wp-json\/wp\/v2\/comments?post=301886"}],"version-history":[{"count":0,"href":"https:\/\/www.europesays.com\/fr\/wp-json\/wp\/v2\/posts\/301886\/revisions"}],"wp:featuredmedia":[{"embeddable":true,"href":"https:\/\/www.europesays.com\/fr\/wp-json\/wp\/v2\/media\/301887"}],"wp:attachment":[{"href":"https:\/\/www.europesays.com\/fr\/wp-json\/wp\/v2\/media?parent=301886"}],"wp:term":[{"taxonomy":"category","embeddable":true,"href":"https:\/\/www.europesays.com\/fr\/wp-json\/wp\/v2\/categories?post=301886"},{"taxonomy":"post_tag","embeddable":true,"href":"https:\/\/www.europesays.com\/fr\/wp-json\/wp\/v2\/tags?post=301886"}],"curies":[{"name":"wp","href":"https:\/\/api.w.org\/{rel}","templated":true}]}}