{"id":301890,"date":"2025-08-07T04:19:15","date_gmt":"2025-08-07T04:19:15","guid":{"rendered":"https:\/\/www.europesays.com\/fr\/301890\/"},"modified":"2025-08-07T04:19:15","modified_gmt":"2025-08-07T04:19:15","slug":"que-risque-lhomme-qui-a-allume-sa-cigarette-avec-la-flamme-du-soldat-inconnu","status":"publish","type":"post","link":"https:\/\/www.europesays.com\/fr\/301890\/","title":{"rendered":"que risque l&rsquo;homme qui a allum\u00e9 sa cigarette avec la flamme du Soldat inconnu ?"},"content":{"rendered":"<p class=\"article-p mdl\">Une ministre a saisi la justice mardi 5 ao\u00fbt apr\u00e8s qu&rsquo;un homme <strong>a allum\u00e9 sa cigarette avec la flamme du Soldat inconnu<\/strong> sous l&rsquo;Arc de Triomphe. \u00ab\u00a0Un geste d&rsquo;une ind\u00e9cence inacceptable\u00a0\u00bb qui a \u00e9t\u00e9 film\u00e9 et post\u00e9 sur les r\u00e9seaux sociaux, suscitant l&rsquo;indignation.<\/p>\n<p class=\"article-p mdl\">\u00ab\u00a0Je saisis imm\u00e9diatement le procureur de la R\u00e9publique de Paris pour que cet individu soit retrouv\u00e9 et que <strong>des sanctions exemplaires soient prises<\/strong>\u00ab\u00a0, a annonc\u00e9 sur X\u00a0<a class=\"link\" href=\"https:\/\/www.rtl.fr\/actu\/politique\/legislatives-2022-epinglee-pour-ses-frais-de-mandat-patricia-miralles-denonce-une-chasse-aux-sorcieres-7900152062\" target=\"_blank\" rel=\"noopener\">Patricia Mirall\u00e8s<\/a>, ministre d\u00e9l\u00e9gu\u00e9e charg\u00e9e de la M\u00e9moire et des Anciens Combattants. \u00ab\u00a0On ne bafoue pas impun\u00e9ment la m\u00e9moire de la France\u00a0\u00bb, a-t-elle soulign\u00e9.<\/p>\n<p class=\"article-p mdl\">Sur cette vid\u00e9o, un homme s&rsquo;accroupit pr\u00e8s de\u00a0<a class=\"link\" href=\"https:\/\/www.rtl.fr\/actu\/international\/8-mai-le-programme-des-commemorations-pour-les-80-ans-de-la-victoire-des-allies-7900501859\" target=\"_blank\" rel=\"noopener\">la flamme du Soldat inconnu<\/a>, sous l&rsquo;Arc de Triomphe \u00e0 Paris, pour y allumer une cigarette et repart tranquillement, sous le regard de quelques touristes.<\/p>\n<p class=\"article-p mdl\">Que risque cet individu ?\u00a0<a class=\"link\" href=\"https:\/\/www.bfmtv.com\/police-justice\/que-risque-l-homme-qui-a-allume-sa-cigarette-avec-la-flamme-du-soldat-inconnu-a-paris_AV-202508060190.html\" target=\"_blank\" rel=\"noopener\">BFMTV<\/a>\u00a0rappelle que la violation ou la profanation d&rsquo;un monument \u00e9difi\u00e9 \u00e0 la m\u00e9moire des morts est punie par l&rsquo;article 225-17 du code p\u00e9nal, et ce \u00ab\u00a0par quelque moyen que ce soit\u00a0\u00bb. L&rsquo;homme pourrait donc \u00e9coper d&rsquo;une peine allant<strong> jusqu&rsquo;\u00e0 un an d&#8217;emprisonnement et 15.000 euros d&rsquo;amende<\/strong>.<\/p>\n<p>            \u00ab\u00a0Un outrage \u00e0 la m\u00e9moire de ceux qui sont tomb\u00e9s pour la France\u00a0\u00bb<\/p>\n<p class=\"article-p mdl\"><a class=\"link\" href=\"https:\/\/www.lefigaro.fr\/flash-actu\/c-est-une-insulte-a-la-nation-un-homme-allume-sa-cigarette-avec-la-flamme-du-soldat-inconnu-20250805\" target=\"_blank\" rel=\"noopener\">Le Figaro<\/a>\u00a0affirme que la sc\u00e8ne a \u00e9t\u00e9 film\u00e9e par une touriste lettone de passage \u00e0 Paris \u00ab\u00a0lundi 4 ao\u00fbt peu avant 21 heures, et post\u00e9e pour la premi\u00e8re fois sur le r\u00e9seau social Tiktok dans la foul\u00e9e, avant d&rsquo;\u00eatre massivement partag\u00e9e\u00a0\u00bb sur X.<\/p>\n<p class=\"article-p mdl\">\u00ab\u00a0Il n&rsquo;avait pas l&rsquo;air d&rsquo;\u00eatre alcoolis\u00e9 ou sous l&#8217;emprise de la drogue. Au contraire,<strong> il \u00e9tait manifestement conscient de ce qu&rsquo;il faisait<\/strong>, et fier de l&rsquo;avoir fait\u00a0\u00bb, a t\u00e9moign\u00e9 celle qui se pr\u00e9sente comme l&rsquo;auteure de la vid\u00e9o \u00e0 nos confr\u00e8res.<\/p>\n<p class=\"article-p mdl\">Il s&rsquo;agit <strong>d&rsquo;une \u00ab\u00a0insulte \u00e0 nos morts, \u00e0 notre histoire, \u00e0 notre Nation\u00a0\u00bb<\/strong>, a d\u00e9plor\u00e9 Patricia Mirall\u00e8s. \u00ab\u00a0Ce n&rsquo;est pas une simple incivilit\u00e9 : c&rsquo;est un outrage \u00e0 la m\u00e9moire de ceux qui sont tomb\u00e9s pour la France\u00a0\u00bb, a-t-elle ajout\u00e9. \u00ab\u00a0Cette flamme ne chauffe pas une cigarette : elle veille sur le sacrifice de millions de nos soldats\u00a0\u00bb, a-t-elle rappel\u00e9.<\/p>\n<p>    La r\u00e9daction vous recommande<\/p>\n<p class=\"s-newsletter__title\">\n                L\u2019actualit\u00e9 par la r\u00e9daction de RTL dans votre bo\u00eete mail.\n            <\/p>\n<p class=\"s-newsletter__subtitle\">\n                Gr\u00e2ce \u00e0 votre compte RTL abonnez-vous \u00e0 la newsletter RTL info pour suivre toute l&rsquo;actualit\u00e9 au quotidien\n            <\/p>\n<p>\n                                    Lire la suite\n                                <\/p>\n","protected":false},"excerpt":{"rendered":"Une ministre a saisi la justice mardi 5 ao\u00fbt apr\u00e8s qu&rsquo;un homme a allum\u00e9 sa cigarette avec la&hellip;\n","protected":false},"author":2,"featured_media":301891,"comment_status":"","ping_status":"","sticky":false,"template":"","format":"standard","meta":{"footnotes":""},"categories":[1888],"tags":[1111,1928,11,1927,6583,1777,674,107,1011,27,303,12,1926,626,1925,44206,25],"class_list":{"0":"post-301890","1":"post","2":"type-post","3":"status-publish","4":"format-standard","5":"has-post-thumbnail","7":"category-paris","8":"tag-actu","9":"tag-actu-paris","10":"tag-actualites","11":"tag-actualites-paris","12":"tag-cigarette","13":"tag-eu","14":"tag-europe","15":"tag-fil-info","16":"tag-fr","17":"tag-france","18":"tag-justice","19":"tag-news","20":"tag-news-paris","21":"tag-paris","22":"tag-paris-news","23":"tag-profanation","24":"tag-republique-francaise"},"share_on_mastodon":{"url":"https:\/\/pubeurope.com\/@fr\/114985564366606392","error":""},"_links":{"self":[{"href":"https:\/\/www.europesays.com\/fr\/wp-json\/wp\/v2\/posts\/301890","targetHints":{"allow":["GET"]}}],"collection":[{"href":"https:\/\/www.europesays.com\/fr\/wp-json\/wp\/v2\/posts"}],"about":[{"href":"https:\/\/www.europesays.com\/fr\/wp-json\/wp\/v2\/types\/post"}],"author":[{"embeddable":true,"href":"https:\/\/www.europesays.com\/fr\/wp-json\/wp\/v2\/users\/2"}],"replies":[{"embeddable":true,"href":"https:\/\/www.europesays.com\/fr\/wp-json\/wp\/v2\/comments?post=301890"}],"version-history":[{"count":0,"href":"https:\/\/www.europesays.com\/fr\/wp-json\/wp\/v2\/posts\/301890\/revisions"}],"wp:featuredmedia":[{"embeddable":true,"href":"https:\/\/www.europesays.com\/fr\/wp-json\/wp\/v2\/media\/301891"}],"wp:attachment":[{"href":"https:\/\/www.europesays.com\/fr\/wp-json\/wp\/v2\/media?parent=301890"}],"wp:term":[{"taxonomy":"category","embeddable":true,"href":"https:\/\/www.europesays.com\/fr\/wp-json\/wp\/v2\/categories?post=301890"},{"taxonomy":"post_tag","embeddable":true,"href":"https:\/\/www.europesays.com\/fr\/wp-json\/wp\/v2\/tags?post=301890"}],"curies":[{"name":"wp","href":"https:\/\/api.w.org\/{rel}","templated":true}]}}