{"id":301901,"date":"2025-08-07T04:25:12","date_gmt":"2025-08-07T04:25:12","guid":{"rendered":"https:\/\/www.europesays.com\/fr\/301901\/"},"modified":"2025-08-07T04:25:12","modified_gmt":"2025-08-07T04:25:12","slug":"produits-pharmaceutiques-faut-il-avoir-peur-dune-surtaxe-americaine-de-250","status":"publish","type":"post","link":"https:\/\/www.europesays.com\/fr\/301901\/","title":{"rendered":"Produits pharmaceutiques\u00a0: faut-il avoir peur d\u2019une surtaxe am\u00e9ricaine de 250\u00a0%\u00a0?"},"content":{"rendered":"<p class=\"paragraph text_align_left lp-f-body-02\">Lors d\u2019une interview accord\u00e9e \u00e0 la cha\u00eene de t\u00e9l\u00e9vision CNBC, le pr\u00e9sident am\u00e9ricain a pr\u00e9venu : \u00ab Nous allons, d\u2019abord, mettre un droit de douane bas sur les produits pharmaceutiques, mais, dans un an, un an et demi-maximum, cela sera 150 % et ensuite ce sera 250 % parce qu\u2019on veut des m\u00e9dicaments fabriqu\u00e9s dans notre pays \u00bb. Une sortie qui ajoute un peu plus de confusion sur les tarifs douaniers am\u00e9ricains qui seront appliqu\u00e9s aux m\u00e9dicaments fabriqu\u00e9s en Europe.<\/p>\n","protected":false},"excerpt":{"rendered":"Lors d\u2019une interview accord\u00e9e \u00e0 la cha\u00eene de t\u00e9l\u00e9vision CNBC, le pr\u00e9sident am\u00e9ricain a pr\u00e9venu : \u00ab Nous&hellip;\n","protected":false},"author":2,"featured_media":301902,"comment_status":"","ping_status":"","sticky":false,"template":"","format":"standard","meta":{"footnotes":""},"categories":[1589],"tags":[11,33,73,1866,14,12,1864,1865,1863,308],"class_list":{"0":"post-301901","1":"post","2":"type-post","3":"status-publish","4":"format-standard","5":"has-post-thumbnail","7":"category-etats-unis","8":"tag-actualites","9":"tag-economie","10":"tag-etats-unis","11":"tag-etats-unis-damerique","12":"tag-international","13":"tag-news","14":"tag-united-states","15":"tag-united-states-of-america","16":"tag-us","17":"tag-usa"},"share_on_mastodon":{"url":"https:\/\/pubeurope.com\/@fr\/114985587446550145","error":""},"_links":{"self":[{"href":"https:\/\/www.europesays.com\/fr\/wp-json\/wp\/v2\/posts\/301901","targetHints":{"allow":["GET"]}}],"collection":[{"href":"https:\/\/www.europesays.com\/fr\/wp-json\/wp\/v2\/posts"}],"about":[{"href":"https:\/\/www.europesays.com\/fr\/wp-json\/wp\/v2\/types\/post"}],"author":[{"embeddable":true,"href":"https:\/\/www.europesays.com\/fr\/wp-json\/wp\/v2\/users\/2"}],"replies":[{"embeddable":true,"href":"https:\/\/www.europesays.com\/fr\/wp-json\/wp\/v2\/comments?post=301901"}],"version-history":[{"count":0,"href":"https:\/\/www.europesays.com\/fr\/wp-json\/wp\/v2\/posts\/301901\/revisions"}],"wp:featuredmedia":[{"embeddable":true,"href":"https:\/\/www.europesays.com\/fr\/wp-json\/wp\/v2\/media\/301902"}],"wp:attachment":[{"href":"https:\/\/www.europesays.com\/fr\/wp-json\/wp\/v2\/media?parent=301901"}],"wp:term":[{"taxonomy":"category","embeddable":true,"href":"https:\/\/www.europesays.com\/fr\/wp-json\/wp\/v2\/categories?post=301901"},{"taxonomy":"post_tag","embeddable":true,"href":"https:\/\/www.europesays.com\/fr\/wp-json\/wp\/v2\/tags?post=301901"}],"curies":[{"name":"wp","href":"https:\/\/api.w.org\/{rel}","templated":true}]}}