{"id":301909,"date":"2025-08-07T04:29:10","date_gmt":"2025-08-07T04:29:10","guid":{"rendered":"https:\/\/www.europesays.com\/fr\/301909\/"},"modified":"2025-08-07T04:29:10","modified_gmt":"2025-08-07T04:29:10","slug":"saint-girons-rediffusion-du-film-jai-eu-la-chance-detre-berger","status":"publish","type":"post","link":"https:\/\/www.europesays.com\/fr\/301909\/","title":{"rendered":"Saint-Girons. Rediffusion du film : \u00ab\u00a0J\u2019ai eu la chance d\u2019\u00eatre berger\u00a0\u00bb"},"content":{"rendered":"<p>Apr\u00e8s une premi\u00e8re projection le 4 juin dernier \u00e0 guichets ferm\u00e9s, le film de Gilles Rivi\u00e8re, produit et distribu\u00e9 par la soci\u00e9t\u00e9 toulousaine Aktis Film, sera rediffus\u00e9 le vendredi 8 ao\u00fbt \u00e0 18 heures \u00e0 la salle Max Linder de Saint-Girons, en pr\u00e9sence du r\u00e9alisateur.<\/p>\n<p>\u00ab\u00a0J\u2019ai eu la chance d\u2019\u00eatre berger\u00a0\u00bb n\u2019est pas un film comme les autres. Prim\u00e9, maintes fois diffus\u00e9 \u00e0 la t\u00e9l\u00e9vision et ayant fait l\u2019objet d\u2019une soir\u00e9e Thema sur Arte, il constitue le t\u00e9moignage rare et bouleversant d\u2019un homme, berger sur les estives de Barlongu\u00e8re, dans les Pyr\u00e9n\u00e9es ari\u00e9geoises. La cam\u00e9ra le suit, discr\u00e8te mais saisissant l\u2019essentiel, pendant toute une saison. Guy, le berger, vit l\u00e0-haut en autonomie quasi totale, avec ses b\u00eates, ses souvenirs, et cette montagne immense, magnifiquement film\u00e9e, pour unique compagne. \u00c0 travers ses mots, ses gestes, ses silences, le film r\u00e9v\u00e8le un monde : celui d\u2019une montagne encore havre de paix, d\u2019\u00e9quilibre, de simplicit\u00e9 et de v\u00e9rit\u00e9.<\/p>\n<p>Dans une r\u00e9alisation sans fioritures ni voix off, il nous laisse entendre une parole sensible et \u00e9mouvante, \u00e0 la port\u00e9e parfois philosophique, tr\u00e8s loin d\u2019un film de promotion agricole. Depuis sa premi\u00e8re projection, le film a profond\u00e9ment touch\u00e9 le public et entame aujourd\u2019hui une nouvelle carri\u00e8re cin\u00e9matographique. Trente ans apr\u00e8s sa r\u00e9alisation, il prend la dimension d\u2019une \u0153uvre culte. Il sera suivi, \u00e0 20 h 30, du film \u00ab\u00a0Bergers\u00a0\u00bb de Sophie Desrape, \u00e9galement salu\u00e9 par la critique.<\/p>\n<p>Il est prudent d\u2019arriver un peu plus t\u00f4t pour la premi\u00e8re diffusion.<\/p>\n","protected":false},"excerpt":{"rendered":"Apr\u00e8s une premi\u00e8re projection le 4 juin dernier \u00e0 guichets ferm\u00e9s, le film de Gilles Rivi\u00e8re, produit et&hellip;\n","protected":false},"author":2,"featured_media":301910,"comment_status":"","ping_status":"","sticky":false,"template":"","format":"standard","meta":{"footnotes":""},"categories":[1586],"tags":[11,1777,674,1779,1011,27,12,25,1778,364],"class_list":{"0":"post-301909","1":"post","2":"type-post","3":"status-publish","4":"format-standard","5":"has-post-thumbnail","7":"category-europe","8":"tag-actualites","9":"tag-eu","10":"tag-europe","11":"tag-european-union","12":"tag-fr","13":"tag-france","14":"tag-news","15":"tag-republique-francaise","16":"tag-ue","17":"tag-union-europeenne"},"share_on_mastodon":{"url":"https:\/\/pubeurope.com\/@fr\/114985603156934161","error":""},"_links":{"self":[{"href":"https:\/\/www.europesays.com\/fr\/wp-json\/wp\/v2\/posts\/301909","targetHints":{"allow":["GET"]}}],"collection":[{"href":"https:\/\/www.europesays.com\/fr\/wp-json\/wp\/v2\/posts"}],"about":[{"href":"https:\/\/www.europesays.com\/fr\/wp-json\/wp\/v2\/types\/post"}],"author":[{"embeddable":true,"href":"https:\/\/www.europesays.com\/fr\/wp-json\/wp\/v2\/users\/2"}],"replies":[{"embeddable":true,"href":"https:\/\/www.europesays.com\/fr\/wp-json\/wp\/v2\/comments?post=301909"}],"version-history":[{"count":0,"href":"https:\/\/www.europesays.com\/fr\/wp-json\/wp\/v2\/posts\/301909\/revisions"}],"wp:featuredmedia":[{"embeddable":true,"href":"https:\/\/www.europesays.com\/fr\/wp-json\/wp\/v2\/media\/301910"}],"wp:attachment":[{"href":"https:\/\/www.europesays.com\/fr\/wp-json\/wp\/v2\/media?parent=301909"}],"wp:term":[{"taxonomy":"category","embeddable":true,"href":"https:\/\/www.europesays.com\/fr\/wp-json\/wp\/v2\/categories?post=301909"},{"taxonomy":"post_tag","embeddable":true,"href":"https:\/\/www.europesays.com\/fr\/wp-json\/wp\/v2\/tags?post=301909"}],"curies":[{"name":"wp","href":"https:\/\/api.w.org\/{rel}","templated":true}]}}