{"id":301916,"date":"2025-08-07T04:35:15","date_gmt":"2025-08-07T04:35:15","guid":{"rendered":"https:\/\/www.europesays.com\/fr\/301916\/"},"modified":"2025-08-07T04:35:15","modified_gmt":"2025-08-07T04:35:15","slug":"quand-dupont-mais-aussi-leon-marchand-sont-consideres-comme-des-radins-par-les-fans","status":"publish","type":"post","link":"https:\/\/www.europesays.com\/fr\/301916\/","title":{"rendered":"quand Dupont, mais aussi L\u00e9on Marchand, sont consid\u00e9r\u00e9s comme des radins par les fans"},"content":{"rendered":"<p>Antoine Dupont et L\u00e9on Marchand ne s&rsquo;attendaient pas \u00e0 ce petit bad buzz. Le capitaine du XV de France et du Stade Toulousain et la star de la natation fran\u00e7aise ont fait parler d&rsquo;eux derni\u00e8rement en n\u00e9gatif \u00e0 cause d&rsquo;un investissement dans le basketball. Il s&rsquo;av\u00e8re que Dupont et Marchand, mais aussi les deux rappeurs Bigflo et Oli, eux aussi Toulousains, ont d\u00e9cid\u00e9 de s&rsquo;investir aupr\u00e8s du Toulouse Basket Club, pensionnaire de Nationale 1. Les quatre personnalit\u00e9s ont d\u00e9cid\u00e9 de mettre des sous dans le club de basket mais le total des sommes a \u00e9t\u00e9 r\u00e9v\u00e9l\u00e9 et Antoine Dupont, ainsi que L\u00e9on Marchand, ont pris le bouillon de la part des fans sur les r\u00e9seaux sociaux.<\/p>\n<p>Dupont et Marchand tanc\u00e9s par les fans<\/p>\n<p>Alors que le Toulouse Basket Club, qui s\u2019est maintenu en NM1 la saison derni\u00e8re dans la difficult\u00e9, vise une accession en \u00c9lite 2 d\u2019ici 2 \u00e0 3 ans, puis en Betclic \u00c9lite d\u2019ici 5 \u00e0 6 ans, les investissements de Dupont et Marchand ont \u00e9t\u00e9 raill\u00e9s par les fans. Car le site Actu Toulouse a d\u00e9voil\u00e9 les sommes mises par le rugbyman et le nageur, mais aussi Bigflo et Oli. Et cela n&rsquo;a pas manqu\u00e9 de faire r\u00e9agir les fans sur les r\u00e9seaux. Le quatuor a investi seulement 43 500 euros, avec dans le d\u00e9tail 28 500 euros pour Bigflo et Oli, 10 500 pour Antoine Dupont et 4 500 pour L\u00e9on Marchand.<\/p>\n<p>Forc\u00e9ment, les fans se sont l\u00e2ch\u00e9s sur les r\u00e9seaux. \u00ab\u00a0C\u2019est une blague ou pas ?\u00a0\u00bb, \u00ab\u00a0Il manque un 0 \u00e0 la fin des 3 chiffres j\u2019esp\u00e8re\u2026.\u00a0\u00bb, \u00ab\u00a0Monter en betclic d\u2019ici 5 ans avec 35k par an ?\u00a0\u00bb, \u00ab\u00a0Enorme, le Pana tremble !\u00a0\u00bb, \u00ab\u00a0C\u2019est ridicule\u00a0\u00bb, \u00ab\u00a0Autant rien mettre dans ces cas-l\u00e0\u2026\u00a0\u00bb, \u00ab\u00a0Vaste blague !\u00a0\u00bb, pouvait-on notamment lire sur les r\u00e9seaux. \u00ab\u00a0Avec ces montants ridicule, le mieux c\u2019est encore de ne rien dire\u00a0\u00bb, a \u00e9galement \u00e9crit de son c\u00f4t\u00e9 l\u2019ancien joueur Vincent Masingue. Autant dire qu&rsquo;Antoine Dupont et L\u00e9on Marchand ne pensaient pas faire le bad buzz en s&rsquo;investissant de cette mani\u00e8re pour la ville toulousaine.<\/p>\n<blockquote class=\"twitter-tweet\">\n<p dir=\"ltr\" lang=\"fr\">Avec ces montants ridicule, le mieux c\u2019est encore de ne rien dire \ud83e\udd23 <a href=\"https:\/\/t.co\/HJoCoLrNDt\" rel=\"nofollow\">https:\/\/t.co\/HJoCoLrNDt<\/a><\/p>\n<p>\u2014 Masingue vincent (@vmasingue) <a href=\"https:\/\/twitter.com\/vmasingue\/status\/1950975388055740820?ref_src=twsrc%5Etfw\" rel=\"nofollow noopener\" target=\"_blank\">July 31, 2025<\/a><\/p>\n<\/blockquote>\n<p>   Partagez cette info avec vos amis et vos proches en cliquant ici<br \/> Pour r\u00e9sumer<\/p>\n<p>Antoine Dupont et L\u00e9on Marchand ne s&rsquo;attendaient pas \u00e0 ce petit bad buzz. Le capitaine du XV de France et du Stade Toulousain et la star de la natation fran\u00e7aise ont fait parler d&rsquo;eux derni\u00e8rement en n\u00e9gatif \u00e0 cause d&rsquo;un investissement dans le basketball<\/p>\n<p>R\u00e9dacteur<\/p>\n<p><img decoding=\"async\" width=\"76\" height=\"76\" loading=\"lazy\" src=\"https:\/\/www.europesays.com\/fr\/wp-content\/uploads\/2025\/06\/logo-victor-willems.jpg\" alt=\"Victor Willems\"\/><script async src=\"https:\/\/platform.twitter.com\/widgets.js\" charset=\"utf-8\"><\/script><\/p>\n","protected":false},"excerpt":{"rendered":"Antoine Dupont et L\u00e9on Marchand ne s&rsquo;attendaient pas \u00e0 ce petit bad buzz. Le capitaine du XV de&hellip;\n","protected":false},"author":2,"featured_media":301917,"comment_status":"","ping_status":"","sticky":false,"template":"","format":"standard","meta":{"footnotes":""},"categories":[1416],"tags":[1011,27,479,1468,60],"class_list":{"0":"post-301916","1":"post","2":"type-post","3":"status-publish","4":"format-standard","5":"has-post-thumbnail","7":"category-rugby","8":"tag-fr","9":"tag-france","10":"tag-rugby","11":"tag-rugby-football","12":"tag-sports"},"share_on_mastodon":{"url":"https:\/\/pubeurope.com\/@fr\/114985626831048831","error":""},"_links":{"self":[{"href":"https:\/\/www.europesays.com\/fr\/wp-json\/wp\/v2\/posts\/301916","targetHints":{"allow":["GET"]}}],"collection":[{"href":"https:\/\/www.europesays.com\/fr\/wp-json\/wp\/v2\/posts"}],"about":[{"href":"https:\/\/www.europesays.com\/fr\/wp-json\/wp\/v2\/types\/post"}],"author":[{"embeddable":true,"href":"https:\/\/www.europesays.com\/fr\/wp-json\/wp\/v2\/users\/2"}],"replies":[{"embeddable":true,"href":"https:\/\/www.europesays.com\/fr\/wp-json\/wp\/v2\/comments?post=301916"}],"version-history":[{"count":0,"href":"https:\/\/www.europesays.com\/fr\/wp-json\/wp\/v2\/posts\/301916\/revisions"}],"wp:featuredmedia":[{"embeddable":true,"href":"https:\/\/www.europesays.com\/fr\/wp-json\/wp\/v2\/media\/301917"}],"wp:attachment":[{"href":"https:\/\/www.europesays.com\/fr\/wp-json\/wp\/v2\/media?parent=301916"}],"wp:term":[{"taxonomy":"category","embeddable":true,"href":"https:\/\/www.europesays.com\/fr\/wp-json\/wp\/v2\/categories?post=301916"},{"taxonomy":"post_tag","embeddable":true,"href":"https:\/\/www.europesays.com\/fr\/wp-json\/wp\/v2\/tags?post=301916"}],"curies":[{"name":"wp","href":"https:\/\/api.w.org\/{rel}","templated":true}]}}