{"id":301918,"date":"2025-08-07T04:36:17","date_gmt":"2025-08-07T04:36:17","guid":{"rendered":"https:\/\/www.europesays.com\/fr\/301918\/"},"modified":"2025-08-07T04:36:17","modified_gmt":"2025-08-07T04:36:17","slug":"djokovic-attaque-par-le-tabloid-serbe-informer","status":"publish","type":"post","link":"https:\/\/www.europesays.com\/fr\/301918\/","title":{"rendered":"Djokovic attaqu\u00e9 par le tablo\u00efd serbe Informer"},"content":{"rendered":"<p><img decoding=\"async\" src=\"https:\/\/www.europesays.com\/fr\/wp-content\/uploads\/2025\/08\/1988186807171124.webp\" fetchpriority=\"high\" width=\"1920\" height=\"1080\" alt=\"Novak Djokovic a \u00e9t\u00e9 vigoureusement critiqu\u00e9 par le quotidien serbe Informer.\" data-image-id=\"1988186807171124\" class=\"watson-snippet__image bg-grey-10 block h-auto w-full \"\/><\/p>\n<p>Novak Djokovic a \u00e9t\u00e9 vigoureusement critiqu\u00e9 par le quotidien serbe Informer. image: keystone\/informer.rs<\/p>\n<p>Depuis plusieurs mois, le tennisman est violemment critiqu\u00e9 par un tablo\u00efd proche du gouvernement. De quoi lui donner envie de se d\u00e9tacher de son pays. <\/p>\n<p>06.08.2025, 18:5406.08.2025, 18:54<\/p>\n<p>Simon H\u00e4ring \/ ch media<\/p>\n<p class=\"watson-snippet__text my-6 text-[16px] lg:text-[18px] leading-normal md:w-3\/5\">Depuis sa d\u00e9faite en demi-finale de Wimbledon il y a un mois, Novak Djokovic n\u2019a plus touch\u00e9 une raquette. Il a r\u00e9cemment annonc\u00e9 son retrait des tournois Masters 1000 de Toronto et Cincinnati. Le joueur aux 24 titres du Grand Chelem ne pr\u00e9voit de revenir sur les courts qu\u2019\u00e0 la fin ao\u00fbt, \u00e0 l\u2019occasion de l\u2019US Open \u00e0 New York.<\/p>\n<p class=\"watson-snippet__text my-6 text-[16px] lg:text-[18px] leading-normal md:w-3\/5\">Et pourtant, les \u00e9v\u00e9nements s\u2019encha\u00eenent dans sa vie. D\u00e9but ao\u00fbt, on a appris qu&rsquo;il avait acquis des parts dans le club de football du FC Le Mans, qui \u00e9voluera la saison prochaine en deuxi\u00e8me division fran\u00e7aise. <\/p>\n<p><img decoding=\"async\" src=\"https:\/\/www.europesays.com\/fr\/wp-content\/uploads\/2025\/08\/6803902303626909.webp\" loading=\"lazy\" width=\"4866\" height=\"3582\" alt=\"epaselect epa12232218 Novak Djokovic of Serbia in action during the Men's Singles semi-finals match against Jannik Sinner of Italy at the Wimbledon Championships, Wimbledon, Britain, 11 July 2025 ...\" data-image-id=\"6803902303626909\" class=\"watson-snippet__image bg-grey-10 block h-auto w-full \"\/><\/p>\n<p>Le Serbe n&rsquo;a plus rejou\u00e9 depuis sa d\u00e9faite en demi-finale de Wimbledon contre Sinner. image: Keystone<\/p>\n<p class=\"watson-snippet__text my-6 text-[16px] lg:text-[18px] leading-normal md:w-3\/5\">Djokovic pr\u00e9pare aussi sa reconversion et entend se consacrer davantage \u00e0 sa fondation, qui soutient jusqu\u2019\u00e0 pr\u00e9sent exclusivement des projets \u00e9ducatifs en Serbie. Des dons ponctuels ont aussi \u00e9t\u00e9 faits \u00e0 des \u00e9tablissements en Croatie et en Bosnie-Herz\u00e9govine, notamment apr\u00e8s les graves inondations de 2014.<\/p>\n<p>Djokovic se rapproche de la Gr\u00e8ce<\/p>\n<p class=\"watson-snippet__text my-6 text-[16px] lg:text-[18px] leading-normal md:w-3\/5\"><strong>Le tennisman souhaite d\u00e9sormais \u00e9largir son champ d\u2019action dans les Balkans.<\/strong> D\u00e9but juin, il a pass\u00e9 plusieurs jours en Gr\u00e8ce, visit\u00e9 des \u00e9coles et aurait envisag\u00e9 l\u2019achat d\u2019une propri\u00e9t\u00e9 de luxe dans la ville de Marousi, au nord d\u2019Ath\u00e8nes.<\/p>\n<p class=\"watson-snippet__text my-6 text-[16px] lg:text-[18px] leading-normal md:w-3\/5\">\u00c0 cette occasion, il a rencontr\u00e9 le Premier ministre grec, Kyriakos Mitsotakis, ainsi que l\u2019homme d\u2019affaires Petros Stathis. Il aurait \u00e9t\u00e9 question d\u2019un \u00abvisa dor\u00e9\u00bb (\u00abGolden Visa\u00bb), permis de s\u00e9jour de cinq ans accord\u00e9 aux ressortissants de pays non membres de l\u2019UE qui investissent au moins 250 000 francs suisses dans le pays. Dans le cas de Novak Djokovic, il s\u2019agirait d\u2019investissements dans des infrastructures sportives.<\/p>\n<p><img decoding=\"async\" src=\"https:\/\/www.europesays.com\/fr\/wp-content\/uploads\/2025\/08\/1283809649592987.webp\" loading=\"lazy\" width=\"2000\" height=\"1577\" alt=\"Djokovic et le premier ministre grec Kyriakos Mitsotakis.\" data-image-id=\"1283809649592987\" class=\"watson-snippet__image bg-grey-10 block h-auto w-full \"\/><\/p>\n<p>Djokovic et le premier ministre grec Kyriakos Mitsotakis.image: instagram <\/p>\n<p class=\"watson-snippet__text my-6 text-[16px] lg:text-[18px] leading-normal md:w-3\/5\">On a appris entre-temps que <strong>le Belgrade Open ne se tiendra pas cette ann\u00e9e dans la capitale serbe, mais \u00e0 Ath\u00e8nes (du 2 au 8 novembre).<\/strong> La famille Djokovic avait acquis en 2021 les droits de ce tournoi ATP 250, dont le fr\u00e8re de Novak, Djordje, est le directeur. Fin 2024 encore, ce dernier affirmait vouloir rester \u00e0 long terme \u00e0 Belgrade.<\/p>\n<p class=\"watson-snippet__text my-6 text-[16px] lg:text-[18px] leading-normal md:w-3\/5\">Le revirement de ces plans pourrait s\u2019expliquer en partie par <strong>les nombreuses attaques dont Djokovic a \u00e9t\u00e9 la cible ces derniers mois en Serbie<\/strong>, en particulier dans le quotidien \u00e0 sensation Informer.<\/p>\n<p>\u00abUn faux patriote\u00bb<\/p>\n<p class=\"watson-snippet__text my-6 text-[16px] lg:text-[18px] leading-normal md:w-3\/5\">Ce journal, qui revendique le plus fort tirage du pays (100 000 exemplaires), est consid\u00e9r\u00e9 comme l\u2019organe de presse officieux du pr\u00e9sident serbe Aleksandar Vucic et de son parti, le Parti progressiste serbe (centre-droite, plut\u00f4t orient\u00e9 national-conservateur). <\/p>\n<p class=\"watson-snippet__text my-6 text-[16px] lg:text-[18px] leading-normal md:w-3\/5\">Apr\u00e8s une manifestation organis\u00e9e en mars, Informer a qualifi\u00e9 Djokovic de \u00abhonte\u00bb, de sympathisant de la violence et de la \u00abr\u00e9volution color\u00e9e\u00bb. Lorsque des rumeurs ont commenc\u00e9 \u00e0 circuler selon lesquelles le joueur envisagerait de s\u2019installer en Gr\u00e8ce, <strong>le journal l\u2019a qualifi\u00e9 de \u00abfaux patriote\u00bb.<\/strong><\/p>\n<p>La star prend ses distances avec le gouvernement serbe\ud83d\udc47<\/p>\n<p class=\"watson-snippet__text my-6 text-[16px] lg:text-[18px] leading-normal md:w-3\/5\">Depuis plusieurs mois, des \u00e9tudiants et des citoyens manifestent r\u00e9guli\u00e8rement en Serbie pour r\u00e9clamer davantage d\u2019Etat de droit et de nouvelles \u00e9lections. Munis de sifflets, de slogans et de pancartes, ils d\u00e9noncent la corruption, les abus de pouvoir et le style autoritaire du pr\u00e9sident Aleksandar Vucic. Jusqu\u2019\u00e0 pr\u00e9sent, sans succ\u00e8s.<\/p>\n<p class=\"watson-snippet__text my-6 text-[16px] lg:text-[18px] leading-normal md:w-3\/5\">Le d\u00e9clencheur de ces protestations a \u00e9t\u00e9 l\u2019effondrement d\u2019un auvent \u00e0 la gare de Novi Sad, qui a caus\u00e9 la mort de seize personnes. Ce drame a \u00e9t\u00e9 attribu\u00e9 \u00e0 la n\u00e9gligence et au client\u00e9lisme.<\/p>\n<p>Djokovic soutient les manifestants<\/p>\n<p class=\"watson-snippet__text my-6 text-[16px] lg:text-[18px] leading-normal md:w-3\/5\">Novak Djokovic suit la situation avec une vive inqui\u00e9tude. Mi-d\u00e9cembre, il \u00e9crivait: <\/p>\n<p>\u00abJe crois profond\u00e9ment \u00e0 la force de la jeunesse et \u00e0 son d\u00e9sir d\u2019un avenir meilleur. Il me para\u00eet essentiel que sa voix soit entendue.\u00bb<\/p>\n<p class=\"watson-snippet__text my-6 text-[16px] lg:text-[18px] leading-normal md:w-3\/5\">En janvier, il a d\u00e9di\u00e9 l\u2019une de ses victoires \u00e0 l\u2019Open d\u2019Australie \u00e0 une \u00e9tudiante heurt\u00e9e par une automobiliste lors d\u2019une manifestation et hospitalis\u00e9e. Plus tard, il a publi\u00e9 sur Instagram des photos de la plus grande mobilisation, qui avait rassembl\u00e9 quelque 300 000 personnes, accompagn\u00e9es des mots: \u00abHistorique, formidable!\u00bb<\/p>\n<p><img decoding=\"async\" src=\"https:\/\/www.europesays.com\/fr\/wp-content\/uploads\/2025\/08\/1001547526418863.webp\" loading=\"lazy\" width=\"2000\" height=\"1333\" alt=\"Des manifestations contre le gouvernement ont lieu r\u00e9guli\u00e8rement depuis plusieurs mois en Serbie.\" data-image-id=\"1001547526418863\" class=\"watson-snippet__image bg-grey-10 block h-auto w-full \"\/><\/p>\n<p>Des manifestations contre le gouvernement ont lieu r\u00e9guli\u00e8rement depuis plusieurs mois en Serbie.  image: ap <\/p>\n<p class=\"watson-snippet__text my-6 text-[16px] lg:text-[18px] leading-normal md:w-3\/5\">En mars, alors qu\u2019il assistait \u00e0 un match de basket \u00e0 Belgrade, Djokovic portait un sweat \u00e0 capuche avec l\u2019inscription \u00abStudents are Champions\u00bb (\u00abLes \u00e9tudiants sont des champions\u00bb). \u00c0 Wimbledon, il c\u00e9l\u00e9brait ses victoires en mimant une pompe, un geste \u2013 le \u00abPumpaj!\u00bb \u2013 devenu un symbole des manifestations en Serbie. <\/p>\n<p class=\"watson-snippet__text my-6 text-[16px] lg:text-[18px] leading-normal md:w-3\/5\">Le tennisman a ni\u00e9 un geste politique, en expliquant que cette c\u00e9l\u00e9bration ambigu\u00eb \u00e9tait un clin d&rsquo;\u0153il \u00e0 ses enfants, qui ont d\u00e9velopp\u00e9 une chor\u00e9graphie sur la chanson Pump It Up du Belge Danzel. <\/p>\n<p class=\"watson-snippet__text my-6 text-[16px] lg:text-[18px] leading-normal md:w-3\/5\"><strong>Malgr\u00e9 les campagnes de diffamation dont il est parfois la cible dans les m\u00e9dias, la popularit\u00e9 de Novak Djokovic en Serbie reste intacte.<\/strong> Selon des sondages, une grande partie de la population souhaiterait le voir se pr\u00e9senter comme candidat aux prochaines \u00e9lections.<\/p>\n<p class=\"watson-snippet__text my-6 text-[16px] lg:text-[18px] leading-normal md:w-3\/5\">Apr\u00e8s Wimbledon, Djokovic a s\u00e9journ\u00e9 au Mont\u00e9n\u00e9gro, puis en Croatie. Derni\u00e8rement, il \u00e9tait de nouveau en Gr\u00e8ce, accompagn\u00e9 une fois encore par Kyriakos Mitsotakis. D\u00e9but ao\u00fbt, tous deux ont assist\u00e9 \u00e0 une messe dans une \u00e9glise orthodoxe grecque sur l\u2019\u00eele de Tinos.<\/p>\n<p><img decoding=\"async\" src=\"https:\/\/www.europesays.com\/fr\/wp-content\/uploads\/2025\/08\/2352564012780183.webp\" loading=\"lazy\" width=\"1600\" height=\"1699\" alt=\"Djokovic a soutenu publiquement les \u00e9tudiants qui manifestent, avec un sweat leur rendant hommage.\" data-image-id=\"2352564012780183\" class=\"watson-snippet__image bg-grey-10 block h-auto w-full \"\/><\/p>\n<p>Djokovic a soutenu publiquement les \u00e9tudiants qui manifestent, avec un sweat leur rendant hommage. image: capture d&rsquo;\u00e9cran x <\/p>\n<p class=\"watson-snippet__text my-6 text-[16px] lg:text-[18px] leading-normal md:w-3\/5\">Les images de ses vacances \u00e0 la plage, publi\u00e9es quotidiennement dans la presse serbe, montrent un Novak Djokovic d\u00e9tendu et souriant. Rien d\u2019\u00e9tonnant \u00e0 cette joie de vivre qu&rsquo;il a en Gr\u00e8ce, o\u00f9 il est courtis\u00e9. Tandis qu\u2019en Serbie, un tablo\u00efd s\u2019acharne sur lui.<\/p>\n<p class=\"watson-snippet__text my-6 text-[16px] lg:text-[18px] leading-normal md:w-3\/5\">Adaptation en fran\u00e7ais: Yoann Graber <\/p>\n<p>Plus d&rsquo;articles sur le sport<\/p>\n<p>Montrer tous les articles<\/p>\n<p>Les stars en vacances d&rsquo;\u00e9t\u00e9<\/p>\n<p>1 \/ 17<\/p>\n<p>Les stars en vacances d&rsquo;\u00e9t\u00e9<\/p>\n<p>Les stars en vacances d&rsquo;\u00e9t\u00e9 <\/p>\n<p><a href=\"\" target=\"_blank\" aria-label=\"partager sur Facebook\" class=\"watson-sharebar__panel__icons-fb mr-2\"><img decoding=\"async\" src=\"https:\/\/www.europesays.com\/fr\/wp-content\/uploads\/2025\/04\/facebook.png\" alt=\"partager sur Facebook\" width=\"20\" height=\"20\" loading=\"lazy\" class=\"h-5 w-auto lg:h-4\"\/><\/a><a href=\"\" target=\"_blank\" aria-label=\"partager sur X\" class=\"watson-sharebar__panel__icons-tw mr-2\"><img decoding=\"async\" src=\"https:\/\/www.watson.ch\/fr\/_watsui\/static\/img\/socialicons\/icon_filled_x.svg\" alt=\"partager sur X\" width=\"20\" height=\"20\" loading=\"lazy\" class=\"h-4 w-auto lg:h-3\"\/><\/a><\/p>\n<p>Italie: une tornade fait fuir les baigneurs<\/p>\n<p>Video: extern \/ rest<\/p>\n<p>Ceci pourrait \u00e9galement vous int\u00e9resser:<\/p>\n<p>        <a href=\"https:\/\/www.watson.ch\/fr\/sport\/football\/665020076-gc-doit-envoyer-ses-abos-dans-des-enveloppes-sans-logo\" aria-label=\"L\u2019article\" class=\"watson-next-story__link absolute inset-0 z-10\" rel=\"nofollow noopener\" target=\"_blank\"><\/p>\n<p>Le club le plus titr\u00e9 de l&rsquo;histoire du foot suisse pourrait l\u00e9gitimement \u00eatre fier de son histoire et de son blason. Pourtant, ses courriers sont d\u00e9sormais envoy\u00e9s dans des enveloppes neutres. <\/p>\n<p>Certains supporters du Grasshopper Club Zurich l&rsquo;auront peut-\u00eatre remarqu\u00e9: leur abonnement saisonnier est arriv\u00e9 dans une enveloppe neutre.<\/p>\n","protected":false},"excerpt":{"rendered":"Novak Djokovic a \u00e9t\u00e9 vigoureusement critiqu\u00e9 par le quotidien serbe Informer. image: keystone\/informer.rs Depuis plusieurs mois, le tennisman&hellip;\n","protected":false},"author":2,"featured_media":301919,"comment_status":"","ping_status":"","sticky":false,"template":"","format":"standard","meta":{"footnotes":""},"categories":[1415],"tags":[1011,27,60,1467],"class_list":{"0":"post-301918","1":"post","2":"type-post","3":"status-publish","4":"format-standard","5":"has-post-thumbnail","7":"category-tennis","8":"tag-fr","9":"tag-france","10":"tag-sports","11":"tag-tennis"},"share_on_mastodon":{"url":"https:\/\/pubeurope.com\/@fr\/114985630807699080","error":""},"_links":{"self":[{"href":"https:\/\/www.europesays.com\/fr\/wp-json\/wp\/v2\/posts\/301918","targetHints":{"allow":["GET"]}}],"collection":[{"href":"https:\/\/www.europesays.com\/fr\/wp-json\/wp\/v2\/posts"}],"about":[{"href":"https:\/\/www.europesays.com\/fr\/wp-json\/wp\/v2\/types\/post"}],"author":[{"embeddable":true,"href":"https:\/\/www.europesays.com\/fr\/wp-json\/wp\/v2\/users\/2"}],"replies":[{"embeddable":true,"href":"https:\/\/www.europesays.com\/fr\/wp-json\/wp\/v2\/comments?post=301918"}],"version-history":[{"count":0,"href":"https:\/\/www.europesays.com\/fr\/wp-json\/wp\/v2\/posts\/301918\/revisions"}],"wp:featuredmedia":[{"embeddable":true,"href":"https:\/\/www.europesays.com\/fr\/wp-json\/wp\/v2\/media\/301919"}],"wp:attachment":[{"href":"https:\/\/www.europesays.com\/fr\/wp-json\/wp\/v2\/media?parent=301918"}],"wp:term":[{"taxonomy":"category","embeddable":true,"href":"https:\/\/www.europesays.com\/fr\/wp-json\/wp\/v2\/categories?post=301918"},{"taxonomy":"post_tag","embeddable":true,"href":"https:\/\/www.europesays.com\/fr\/wp-json\/wp\/v2\/tags?post=301918"}],"curies":[{"name":"wp","href":"https:\/\/api.w.org\/{rel}","templated":true}]}}