{"id":301920,"date":"2025-08-07T04:38:12","date_gmt":"2025-08-07T04:38:12","guid":{"rendered":"https:\/\/www.europesays.com\/fr\/301920\/"},"modified":"2025-08-07T04:38:12","modified_gmt":"2025-08-07T04:38:12","slug":"des-acteurs-de-la-f1-investissent-dans-un-team-de-motogp","status":"publish","type":"post","link":"https:\/\/www.europesays.com\/fr\/301920\/","title":{"rendered":"Des acteurs de la F1 investissent dans un team de MotoGP"},"content":{"rendered":"<p itemprop=\"description\">Le rachat de l\u2019\u00e9quipe Tech3 par G\u00fcnther<br \/>\nSteiner et ses associ\u00e9s est d\u00e9sormais une r\u00e9alit\u00e9 : l\u2019acquisition<br \/>\nde la structure fran\u00e7aise de MotoGP est estim\u00e9e \u00e0 un peu plus de 20<br \/>\nmillions d\u2019euros.<\/p>\n<p data-start=\"372\" data-end=\"796\">Fond\u00e9e en 1990 par Herv\u00e9<br \/>\nPoncharal, l\u2019ing\u00e9nieur renomm\u00e9 Guy Coulon (toujours en activit\u00e9) et<br \/>\nleur associ\u00e9 Bernard Martignac, Tech3 a fait ses d\u00e9buts en<br \/>\ncat\u00e9gorie reine en 2001, un an apr\u00e8s avoir d\u00e9croch\u00e9 le titre<br \/>\nmondial en 250 cm\u00b3 avec Olivier Jacque.<\/p>\n<p data-start=\"372\" data-end=\"796\">L\u2019\u00e9quipe fran\u00e7aise, victorieuse<br \/>\n\u00e0 deux reprises en MotoGP en 2020, a longtemps \u00e9t\u00e9 associ\u00e9e \u00e0<br \/>\nYamaha avant de rejoindre KTM, son partenaire actuel, dont on<br \/>\nconnait les difficult\u00e9s \u00e9conomiques.<\/p>\n<p>Rapprochement F1-MotoGP<\/p>\n<p data-start=\"798\" data-end=\"1110\">Cette acquisition constitue la<br \/>\npremi\u00e8re op\u00e9ration majeure depuis le rachat de la Dorna, promoteur<br \/>\ndu MotoGP, par Liberty Media pour 4,3 milliards d\u2019euros. D\u2019autres<br \/>\nmouvements sont attendus, d\u2019autant que Lewis Hamilton avait admis<br \/>\nl\u2019an dernier envisager l\u2019achat de deux places sur la grille<br \/>\nMotoGP.<\/p>\n<p data-start=\"1112\" data-end=\"1488\">\u00c0 60 ans, G\u00fcnther Steiner,<br \/>\ndevenu l\u2019une des figures m\u00e9diatiques de la F1 gr\u00e2ce \u00e0 la s\u00e9rie<br \/>\nNetflix Drive to<br \/>\nSurvive, entame donc un nouveau chapitre. Remplac\u00e9 chez Haas<br \/>\nd\u00e9but 2024 par Ayao Komatsu apr\u00e8s que Gene Haas a choisi de ne pas<br \/>\nprolonger son contrat, l\u2019ing\u00e9nieur italo-am\u00e9ricain avait \u00e9t\u00e9 aper\u00e7u<br \/>\n\u00e0 plusieurs reprises dans le paddock MotoGP ces deux derni\u00e8res<br \/>\nann\u00e9es.<\/p>\n<p>Actionnaire d\u00a0\u00bbAlpine F1, Apex<br \/>\nfinance l&rsquo;op\u00e9ration<\/p>\n<p data-start=\"1490\" data-end=\"1887\">Steiner n\u2019agit pas seul : la<br \/>\nmajeure partie du financement provient de Apex, une soci\u00e9t\u00e9 g\u00e9rant<br \/>\nles investissements d\u2019une centaine d\u2019athl\u00e8tes de haut niveau, parmi<br \/>\nlesquels Lando Norris. D\u2019autres pilotes de F1 auraient \u00e9galement<br \/>\ninvesti via Apex, mais pr\u00e9f\u00e8rent rester anonymes. Le fonds a d\u00e9j\u00e0<br \/>\nparticip\u00e9 \u00e0 l\u2019acquisition de 20 % de l\u2019\u00e9curie Alpine F1 en<br \/>\n2022.<\/p>\n<p data-start=\"2287\" data-end=\"2634\">Sur le plan op\u00e9rationnel,<br \/>\nSteiner pr\u00e9voit de maintenir le personnel, les pilotes et le si\u00e8ge<br \/>\nde Tech3 en France. Poncharal devrait progressivement lui c\u00e9der les<br \/>\nr\u00eanes afin de faciliter la transition vers un univers diff\u00e9rent de<br \/>\nla Formule 1. L\u2019exp\u00e9rience, la personnalit\u00e9 et la notori\u00e9t\u00e9 de<br \/>\nSteiner devraient contribuer \u00e0 attirer un nouveau public.<\/p>\n<p>Un contexte de mutation<\/p>\n<p data-start=\"2687\" data-end=\"3145\">Cette op\u00e9ration intervient<br \/>\ndans un contexte d\u00e9licat pour KTM, fournisseur des motos de<br \/>\nMaverick Vi\u00f1ales et Enea Bastianini. Le constructeur autrichien<br \/>\nvient de sortir d\u2019une p\u00e9riode financi\u00e8re difficile gr\u00e2ce au groupe<br \/>\nindien Bajaj, qui a investi 800 millions d\u2019euros pour en prendre le<br \/>\ncontr\u00f4le. KTM, engag\u00e9 jusqu\u2019en 2026, continuera \u00e0 fournir ses RC16<br \/>\n\u00e0 Tech3, sans impact pour Vi\u00f1ales et Bastianini, tous deux sous<br \/>\ncontrat direct avec la marque.<\/p>\n<p data-start=\"3147\" data-end=\"3455\">Tous les contrats actuels avec<br \/>\nDorna expirant en 2026, l\u2019ann\u00e9e 2027 marquera la possibilit\u00e9 pour<br \/>\nles \u00e9quipes satellites de ren\u00e9gocier leurs accords ou de changer de<br \/>\nfournisseur. Steiner aurait obtenu des garanties pour que Tech3<br \/>\nconserve ses deux places sur la grille au-del\u00e0 de cette<br \/>\n\u00e9ch\u00e9ance.<\/p>\n","protected":false},"excerpt":{"rendered":"Le rachat de l\u2019\u00e9quipe Tech3 par G\u00fcnther Steiner et ses associ\u00e9s est d\u00e9sormais une r\u00e9alit\u00e9 : l\u2019acquisition de&hellip;\n","protected":false},"author":2,"featured_media":301921,"comment_status":"","ping_status":"","sticky":false,"template":"","format":"standard","meta":{"footnotes":""},"categories":[1413],"tags":[1011,27,1457,1456,1458,60,32463],"class_list":{"0":"post-301920","1":"post","2":"type-post","3":"status-publish","4":"format-standard","5":"has-post-thumbnail","7":"category-moto","8":"tag-fr","9":"tag-france","10":"tag-moto","11":"tag-motocycle","12":"tag-motogp","13":"tag-sports","14":"tag-steiner"},"share_on_mastodon":{"url":"https:\/\/pubeurope.com\/@fr\/114985638571189239","error":""},"_links":{"self":[{"href":"https:\/\/www.europesays.com\/fr\/wp-json\/wp\/v2\/posts\/301920","targetHints":{"allow":["GET"]}}],"collection":[{"href":"https:\/\/www.europesays.com\/fr\/wp-json\/wp\/v2\/posts"}],"about":[{"href":"https:\/\/www.europesays.com\/fr\/wp-json\/wp\/v2\/types\/post"}],"author":[{"embeddable":true,"href":"https:\/\/www.europesays.com\/fr\/wp-json\/wp\/v2\/users\/2"}],"replies":[{"embeddable":true,"href":"https:\/\/www.europesays.com\/fr\/wp-json\/wp\/v2\/comments?post=301920"}],"version-history":[{"count":0,"href":"https:\/\/www.europesays.com\/fr\/wp-json\/wp\/v2\/posts\/301920\/revisions"}],"wp:featuredmedia":[{"embeddable":true,"href":"https:\/\/www.europesays.com\/fr\/wp-json\/wp\/v2\/media\/301921"}],"wp:attachment":[{"href":"https:\/\/www.europesays.com\/fr\/wp-json\/wp\/v2\/media?parent=301920"}],"wp:term":[{"taxonomy":"category","embeddable":true,"href":"https:\/\/www.europesays.com\/fr\/wp-json\/wp\/v2\/categories?post=301920"},{"taxonomy":"post_tag","embeddable":true,"href":"https:\/\/www.europesays.com\/fr\/wp-json\/wp\/v2\/tags?post=301920"}],"curies":[{"name":"wp","href":"https:\/\/api.w.org\/{rel}","templated":true}]}}