{"id":301926,"date":"2025-08-07T04:41:09","date_gmt":"2025-08-07T04:41:09","guid":{"rendered":"https:\/\/www.europesays.com\/fr\/301926\/"},"modified":"2025-08-07T04:41:09","modified_gmt":"2025-08-07T04:41:09","slug":"liverpool-souhaite-toujours-recruter-bradley-barcola","status":"publish","type":"post","link":"https:\/\/www.europesays.com\/fr\/301926\/","title":{"rendered":"Liverpool souhaite toujours recruter Bradley Barcola"},"content":{"rendered":"<p>Tr\u00e8s d\u00e9pensier dans ce mercato estival, Liverpool n\u2019en a pas<br \/>\nfini avec ses achats. Et les Reds n\u2019ont pas abandonn\u00e9 la piste<br \/>\nmenant \u00e0 l\u2019attaquant du PSG, Bradley Barcola.<\/p>\n<p>Apr\u00e8s <strong>Jeremie Frimpong<\/strong> (40M\u20ac), <strong>Milos<br \/>\nKerkez<\/strong> (47M\u20ac), <strong>Florian Wirtz<\/strong> (125M\u20ac) et<br \/>\n<strong><a href=\"https:\/\/canal-supporters.com\/liverpool-officialise-larrivee-dekitike-le-psg-va-toucher-un-beau-cheque\/\" title=\"\" target=\"_blank\" rel=\"noopener\">Hugo Ekitike<\/a><\/strong> (90M\u20ac),<br \/>\n<strong>Liverpool<\/strong> continue d\u2019animer ce mercato estival<br \/>\n2025. Depuis quelques jours, les Reds veulent renforcer<br \/>\nleur secteur offensif et tentent de convaincre<br \/>\n<strong>Newcastle<\/strong> de c\u00e9der <strong>Alexander<br \/>\nIsak<\/strong>. Mais les dirigeants des Magpies sont pour<br \/>\nl\u2019instant intransigeants et ont d\u00e9j\u00e0 rejet\u00e9 deux offres (120M\u20ac et<br \/>\n138M\u20ac). Ainsi, les champions d\u2019Angleterre activent d\u2019autres pistes<br \/>\nsans pour autant renoncer au recrutement de l\u2019international<br \/>\nsu\u00e9dois.<\/p>\n<p>Le PSG n\u2019est pas<br \/>\nvendeur<\/p>\n<p>Et selon les informations de <strong><a href=\"https:\/\/www.lequipe.fr\/Football\/Actualites\/Liverpool-cible-le-parisien-bradley-barcola-et-n-en-a-pas-fini-avec-son-mercato-de-folie\/1583512\" target=\"_blank\" rel=\"noopener\" title=\"\">L\u2019Equipe<\/a><\/strong>,<br \/>\ndeux noms sont coch\u00e9s par les dirigeants de<br \/>\n<strong>Liverpool<\/strong> : <strong>Rodrygo<\/strong> (<strong>Real<br \/>\nMadrid<\/strong>) et <strong>Bradley Barcola<\/strong><br \/>\n(<strong>PSG<\/strong>). Auteur d\u2019une belle saison avec les Rouge &amp;<br \/>\nBleu (21 buts et 21 passes d\u00e9cisives en 64 matches),<br \/>\nl\u2019international fran\u00e7ais est quatri\u00e8me dans la hi\u00e9rarchie des<br \/>\nattaquants ces derniers mois, derri\u00e8re <strong>Ousmane<br \/>\nDemb\u00e9l\u00e9<\/strong>, <strong>Khvicha Kvaratskhelia<\/strong> et<br \/>\n<strong>D\u00e9sir\u00e9 Dou\u00e9<\/strong>. La formation de <strong>Premier<br \/>\nLeague<\/strong> suit depuis longtemps l\u2019ailier de 22 ans, encore<br \/>\nsous contrat jusqu\u2019en 2028 avec les champions d\u2019Europe<br \/>\n\u00ab\u00a0et pourrait profiter de cette \u2018fid\u00e9lit\u00e9\u2019 pour persuader<br \/>\nle joueur.\u00a0\u00bb<\/p>\n<p>Cependant, le <strong>PSG<\/strong> n\u2019est pas vendeur, pr\u00e9cise<br \/>\n<strong>L\u2019E<\/strong>. La tendance serait m\u00eame \u00e0 une<br \/>\nprolongation de contrat pour <strong><a href=\"https:\/\/canal-supporters.com\/mercato-liverpool-sur-les-traces-de-bradley-barcola\/\" title=\"\" target=\"_blank\" rel=\"noopener\">Bradley Barcola<\/a><\/strong>, comme pour d\u2019autres \u00e9l\u00e9ments<br \/>\noffensifs du <strong>PSG<\/strong>. Il sera donc difficile de<br \/>\nconvaincre les dirigeants parisiens de l\u00e2cher un \u00e9l\u00e9ment important<br \/>\ndu groupe de <strong>Luis Enrique<\/strong>. Recrut\u00e9 contre 50M\u20ac \u00e0<br \/>\n<strong>l\u2019Olympique Lyonnais<\/strong> \u00e0 l\u2019\u00e9t\u00e9 2023, la valeur<br \/>\nmarchande du Fran\u00e7ais a grimp\u00e9 depuis. \u00ab\u00a0Il semblerait peu<br \/>\nprobable que les champions d\u2019Europe le laissent partir pour moins<br \/>\nde 100M\u20ac \u00e0 un concurrent direct \u00e0 la victoire finale en<br \/>\n<strong>Ligue des champions\u00a0\u00bb<\/strong>, conclut le<br \/>\nquotidien sportif.<\/p>\n<p>[MAJ] De son cot\u00e9, <strong><a href=\"https:\/\/rmcsport.bfmtv.com\/football\/transferts\/direct-mercato-son-vers-los-angeles-lens-piste-thauvin_LN-202508040180.html\" target=\"_blank\" rel=\"noopener\" title=\"\">RMC Sport<\/a><\/strong><br \/>\napporte \u00e9galement ses informations sur l\u2019int\u00e9r\u00eat de<br \/>\n<strong>Liverpool<\/strong> pour <strong>Bradley Barcola<\/strong>.<br \/>\n\u00ab\u00a0Le voir quitter <strong>Paris<\/strong> cet \u00e9t\u00e9 n\u2019est pas<br \/>\nd\u2019actualit\u00e9 mais difficile de dire que c\u2019est impossible pour<br \/>\nautant.\u00a0\u00bb Deux conditions doivent \u00eatre r\u00e9unies pour<br \/>\nouvrir la porte \u00e0 un d\u00e9part de l\u2019ancien Lyonnais : une demande de<br \/>\nd\u00e9part de sa part et une offre d\u2019au moins 100M\u20ac. Deux \u00e9l\u00e9ments qui<br \/>\npourraient permettre aux dirigeants parisiens d\u2019ouvrir le dialogue<br \/>\navec leurs homologues anglais. Mais, \u00ab\u00a0aujourd\u2019hui aucune<br \/>\nde ces deux conditions n\u2019est r\u00e9unie et il faudra regarder avec<br \/>\nattention le positionnement de <strong>Barcola<\/strong> comme celui<br \/>\ndu <strong>PSG\u00a0\u00bb<\/strong>, indique le m\u00e9dia sportif. De<br \/>\nplus, <strong>Luis Enrique<\/strong> insiste sur le fait que<br \/>\nl\u2019attaquant parisien est pleinement impliqu\u00e9 dans son projet.<\/p>\n<blockquote class=\"twitter-tweet\">\n<p lang=\"fr\" dir=\"ltr\">\ud83d\udea8 Liverpool souhaite recruter Bradley<br \/>\nBarcola\u2026 mais la tendance actuelle est \u00e0 une PROLONGATION au PSG !<br \/>\nComme pour d\u2019autres \u00e9l\u00e9ments offensifs parisiens \u23f3\ud83e\udd1d<\/p>\n<p>[L\u2019\u00c9quipe] <a href=\"https:\/\/t.co\/WJp6uTS2zn\">pic.twitter.com\/WJp6uTS2zn<\/a><\/p>\n<p>\u2014 Canal Supporters (@CanalSupporters) <a href=\"https:\/\/twitter.com\/CanalSupporters\/status\/1953135842395857207?ref_src=twsrc%5Etfw\" target=\"_blank\" rel=\"noopener\"><br \/>\nAugust 6, 2025<\/a><\/p><\/blockquote>\n<p>Youtube :<br \/>\n<strong><a href=\"https:\/\/www.youtube.com\/@CanalSupportersParis\" target=\"_blank\" rel=\"noopener\" title=\"\">Canal Supporters<br \/>\nParis<\/a><\/strong><\/p>\n<p><script async src=\"https:\/\/platform.twitter.com\/widgets.js\" charset=\"utf-8\"><\/script><\/p>\n","protected":false},"excerpt":{"rendered":"Tr\u00e8s d\u00e9pensier dans ce mercato estival, Liverpool n\u2019en a pas fini avec ses achats. Et les Reds n\u2019ont&hellip;\n","protected":false},"author":2,"featured_media":301927,"comment_status":"","ping_status":"","sticky":false,"template":"","format":"standard","meta":{"footnotes":""},"categories":[1410],"tags":[18831,28851,9707,81,787,63,1011,27,3490,1434,1435,91,92,93,60,96],"class_list":{"0":"post-301926","1":"post","2":"type-post","3":"status-publish","4":"format-standard","5":"has-post-thumbnail","7":"category-football","8":"tag-attaquant-psg","9":"tag-barcola-psg","10":"tag-bradley-barcola","11":"tag-canal-supporters","12":"tag-cs","13":"tag-football","14":"tag-fr","15":"tag-france","16":"tag-liverpool","17":"tag-mercato","18":"tag-mercato-psg","19":"tag-paris-saint-germain","20":"tag-paris-sg","21":"tag-psg","22":"tag-sports","23":"tag-une"},"share_on_mastodon":{"url":"https:\/\/pubeurope.com\/@fr\/114985650388124780","error":""},"_links":{"self":[{"href":"https:\/\/www.europesays.com\/fr\/wp-json\/wp\/v2\/posts\/301926","targetHints":{"allow":["GET"]}}],"collection":[{"href":"https:\/\/www.europesays.com\/fr\/wp-json\/wp\/v2\/posts"}],"about":[{"href":"https:\/\/www.europesays.com\/fr\/wp-json\/wp\/v2\/types\/post"}],"author":[{"embeddable":true,"href":"https:\/\/www.europesays.com\/fr\/wp-json\/wp\/v2\/users\/2"}],"replies":[{"embeddable":true,"href":"https:\/\/www.europesays.com\/fr\/wp-json\/wp\/v2\/comments?post=301926"}],"version-history":[{"count":0,"href":"https:\/\/www.europesays.com\/fr\/wp-json\/wp\/v2\/posts\/301926\/revisions"}],"wp:featuredmedia":[{"embeddable":true,"href":"https:\/\/www.europesays.com\/fr\/wp-json\/wp\/v2\/media\/301927"}],"wp:attachment":[{"href":"https:\/\/www.europesays.com\/fr\/wp-json\/wp\/v2\/media?parent=301926"}],"wp:term":[{"taxonomy":"category","embeddable":true,"href":"https:\/\/www.europesays.com\/fr\/wp-json\/wp\/v2\/categories?post=301926"},{"taxonomy":"post_tag","embeddable":true,"href":"https:\/\/www.europesays.com\/fr\/wp-json\/wp\/v2\/tags?post=301926"}],"curies":[{"name":"wp","href":"https:\/\/api.w.org\/{rel}","templated":true}]}}