{"id":301934,"date":"2025-08-07T04:46:18","date_gmt":"2025-08-07T04:46:18","guid":{"rendered":"https:\/\/www.europesays.com\/fr\/301934\/"},"modified":"2025-08-07T04:46:18","modified_gmt":"2025-08-07T04:46:18","slug":"hugues-aufray-evoque-le-drame-qui-se-cache-derriere-son-celebre-titre-celine","status":"publish","type":"post","link":"https:\/\/www.europesays.com\/fr\/301934\/","title":{"rendered":"Hugues Aufray \u00e9voque le drame qui se cache derri\u00e8re son c\u00e9l\u00e8bre titre C\u00e9line"},"content":{"rendered":"<p>Ce mercredi 6 ao\u00fbt, Hugues Aufray \u00e9tait l&rsquo;invit\u00e9 de Laurence P\u00e9raud et Sophie Darel dans l&rsquo;\u00e9mission Qu\u2019est-ce qu\u2019on attend ? \u00e0 l&rsquo;antenne de Sud Radio. L&rsquo;artiste de 95 ans a notamment \u00e9voqu\u00e9 son titre embl\u00e9matique C\u00e9line, qu&rsquo;il a \u00e9crit apr\u00e8s un drame.<\/p>\n<p>\u00c0 95 ans, Hugues Aufray poursuit son chemin dans le monde de la musique. Le chanteur, qui se produit actuellement en tourn\u00e9e, est notamment connu pour ses nombreux titres embl\u00e9matiques comme Santiano, C\u00e9line ou encore Stewball\u2026 Ce mercredi 6 ao\u00fbt, celui qui partage, depuis pr\u00e8s de vingt ans,<a href=\"https:\/\/www.programme-tv.net\/news\/people\/330372-jai-decide-de-lepouser-hugues-aufray-annonce-son-mariage-avec-sa-nouvelle-compagne-muriel-megevand\/\" data-api-deeplink=\"teleloisirs:\/\/news\/330372\" target=\"_blank\" rel=\"noopener\"> sa vie avec Muriel M\u00e9gevand<\/a> \u00e9tait l&rsquo;invit\u00e9 de Laurence P\u00e9raud et <a href=\"https:\/\/www.programme-tv.net\/biographie\/78035-darel-sophie\/\" data-link-people=\"4197917a-259f-42a7-8613-0231b4ad0b18\" target=\"_blank\" rel=\"noopener\">Sophie Darel<\/a> dans l&rsquo;\u00e9mission Qu\u2019est-ce qu\u2019on attend ? \u00e0 l&rsquo;antenne de Sud Radio. Apr\u00e8s avoir \u00e9voqu\u00e9 sa longue carri\u00e8re compos\u00e9e de pr\u00e8s de 430 morceaux, l&rsquo;artiste de 95 ans s&rsquo;est livr\u00e9 sur un de ses titres embl\u00e9matiques qu&rsquo;il a \u00e9crit apr\u00e8s un drame.<\/p>\n<p>Hugues Aufray \u00e9voque le drame qui se cache derri\u00e8re son titre C\u00e9line<\/p>\n<p>En effet, Hugues Aufray a \u00e9t\u00e9 marqu\u00e9 par<a href=\"https:\/\/www.programme-tv.net\/news\/musique\/296240-jai-du-mal-a-parler-hugues-aufray-bouleverse-par-la-chanson-lenfer-de-stromae-qui-lui-rappelle-le-suicide-de-son-frere-video\/\" data-api-deeplink=\"teleloisirs:\/\/news\/296240\" target=\"_blank\" rel=\"noopener\"> la disparition tragique de son fr\u00e8re a\u00een\u00e9, <\/a>Francesco, qui s&rsquo;est suicid\u00e9 \u00e0 l&rsquo;\u00e2ge de 27 ans. En direct de Sud Radio, l&rsquo;artiste de 95 ans a ainsi expliqu\u00e9 que son titre C\u00e9line \u00e9tait un hommage \u00e0 son fr\u00e8re. \u00ab\u00a0J&rsquo;ai \u00e9crit C\u00e9line avec Vline Buggy. Et chacun de nous deux, nous avons pris, dans notre vie priv\u00e9e, une \u00e9motion importante de notre vie. Vline Buggy avait perdu une s\u0153ur qu&rsquo;elle aimait beaucoup, tr\u00e8s jeune\u00a0\u00bb, a d&rsquo;abord expliqu\u00e9 Hugues Aufray avant d&rsquo;ajouter : \u00ab\u00a0Elle avait pens\u00e9 \u00e9crire une chanson en m\u00e9moire de sa s\u0153ur qui \u00e9tait d\u00e9c\u00e9d\u00e9e. Et je lui ai dit &lsquo;on va faire notre chanson ensemble&rsquo;. <b>Et moi, je me suis inspir\u00e9 de la mort de mon fr\u00e8re Francesco, qui avait d\u00e9cid\u00e9 de quitter la vie \u00e0 l&rsquo;\u00e2ge de 27 ans\u00a0\u00bb<\/b><b>.<\/b> Hugues Aufray a ensuite \u00e9voqu\u00e9 sa relation avec son fr\u00e8re a\u00een\u00e9. \u00ab\u00a0\u00c7a a \u00e9t\u00e9 un drame dans ma vie parce que c&rsquo;est lui qui m&rsquo;avait \u00e9lev\u00e9 pendant l&rsquo;absence de mon p\u00e8re, qui avait fait la guerre et qui avait divorc\u00e9 puis s&rsquo;est remari\u00e9 en Espagne\u00a0\u00bb, a-t-il exprim\u00e9 avant d&rsquo;ajouter : <b>\u00ab\u00a0Alors quand j&rsquo;ai enregistr\u00e9 C\u00e9line, en fait, les gens ne peuvent pas imaginer que je pense \u00e0 mon fr\u00e8re\u00a0\u00bb.<\/b><\/p>\n<p>                        Hugues Aufray se livre sur sa s\u0153ur Pascale Audret : \u00ab\u00a0J&rsquo;ai parl\u00e9 d&rsquo;elle dans d&rsquo;autres chansons\u00a0\u00bb<\/p>\n<p><a href=\"https:\/\/www.programme-tv.net\/news\/people\/378134-cest-possible-mais-hugues-aufray-revele-ce-qui-le-freine-a-avoir-un-enfant-avec-sa-femme-murielle\/\" data-api-deeplink=\"teleloisirs:\/\/news\/378134\" target=\"_blank\" rel=\"noopener\">Hugues Aufray<\/a> a \u00e9galement \u00e9voqu\u00e9 sa s\u0153ur, Pascale Audret, morte en 2000 dans plusieurs de ses chansons. \u00ab\u00a0J&rsquo;ai une petite s\u0153ur adorable qui s&rsquo;appelle Pascale Audret, qui a chang\u00e9 de nom. Elle nous a quitt\u00e9s aussi tr\u00e8s jeunes, malheureusement. Mais ce n&rsquo;est pas elle qui est \u00e9voqu\u00e9e dans cette chanson\u00a0\u00bb, a-t-il confi\u00e9 avant de poursuivre : <b>\u00ab\u00a0J&rsquo;ai parl\u00e9 d&rsquo;elle dans d&rsquo;autres chansons, notamment dans la chanson L&rsquo;eau vive, que <\/b><a href=\"https:\/\/www.programme-tv.net\/biographie\/100136-beart-guy\/\" data-link-people=\"43bcbc33-003c-42cf-927d-31c919bd1a0d\" target=\"_blank\" rel=\"noopener\"><b>Guy B\u00e9art<\/b><\/a><b> a \u00e9crite pour elle, puisque c&rsquo;\u00e9tait elle qui avait jou\u00e9 le r\u00f4le\u00a0\u00bb<\/b><b>.<\/b><\/p>\n","protected":false},"excerpt":{"rendered":"Ce mercredi 6 ao\u00fbt, Hugues Aufray \u00e9tait l&rsquo;invit\u00e9 de Laurence P\u00e9raud et Sophie Darel dans l&rsquo;\u00e9mission Qu\u2019est-ce qu\u2019on&hellip;\n","protected":false},"author":2,"featured_media":301935,"comment_status":"","ping_status":"","sticky":false,"template":"","format":"standard","meta":{"footnotes":""},"categories":[1355],"tags":[1696,244,58,3349,59,652,1011,27,2840,1361,873],"class_list":{"0":"post-301934","1":"post","2":"type-post","3":"status-publish","4":"format-standard","5":"has-post-thumbnail","7":"category-musique","8":"tag-chanteur","9":"tag-commentaire","10":"tag-divertissement","11":"tag-du00e9cu00e8s","12":"tag-entertainment","13":"tag-famille","14":"tag-fr","15":"tag-france","16":"tag-hugues-aufray","17":"tag-music","18":"tag-musique"},"share_on_mastodon":{"url":"https:\/\/pubeurope.com\/@fr\/114985670137440750","error":""},"_links":{"self":[{"href":"https:\/\/www.europesays.com\/fr\/wp-json\/wp\/v2\/posts\/301934","targetHints":{"allow":["GET"]}}],"collection":[{"href":"https:\/\/www.europesays.com\/fr\/wp-json\/wp\/v2\/posts"}],"about":[{"href":"https:\/\/www.europesays.com\/fr\/wp-json\/wp\/v2\/types\/post"}],"author":[{"embeddable":true,"href":"https:\/\/www.europesays.com\/fr\/wp-json\/wp\/v2\/users\/2"}],"replies":[{"embeddable":true,"href":"https:\/\/www.europesays.com\/fr\/wp-json\/wp\/v2\/comments?post=301934"}],"version-history":[{"count":0,"href":"https:\/\/www.europesays.com\/fr\/wp-json\/wp\/v2\/posts\/301934\/revisions"}],"wp:featuredmedia":[{"embeddable":true,"href":"https:\/\/www.europesays.com\/fr\/wp-json\/wp\/v2\/media\/301935"}],"wp:attachment":[{"href":"https:\/\/www.europesays.com\/fr\/wp-json\/wp\/v2\/media?parent=301934"}],"wp:term":[{"taxonomy":"category","embeddable":true,"href":"https:\/\/www.europesays.com\/fr\/wp-json\/wp\/v2\/categories?post=301934"},{"taxonomy":"post_tag","embeddable":true,"href":"https:\/\/www.europesays.com\/fr\/wp-json\/wp\/v2\/tags?post=301934"}],"curies":[{"name":"wp","href":"https:\/\/api.w.org\/{rel}","templated":true}]}}