{"id":301948,"date":"2025-08-07T04:53:11","date_gmt":"2025-08-07T04:53:11","guid":{"rendered":"https:\/\/www.europesays.com\/fr\/301948\/"},"modified":"2025-08-07T04:53:11","modified_gmt":"2025-08-07T04:53:11","slug":"crasseuse-et-dangereuse-trump-menace-prendre-le-controle-de-lhorrible-washington","status":"publish","type":"post","link":"https:\/\/www.europesays.com\/fr\/301948\/","title":{"rendered":"\u00ab\u00a0Crasseuse\u00a0\u00bb et \u00ab\u00a0dangereuse\u00a0\u00bb, Trump menace \u00ab\u00a0prendre le contr\u00f4le de l\u2019horrible\u00a0\u00bb Washington"},"content":{"rendered":"<p>Mercredi, <a href=\"https:\/\/www.20minutes.fr\/dossier\/donald_trump\" target=\"_blank\" class=\"color-ultramarine c-link\" rel=\"noopener\">Donald Trump<\/a> a laiss\u00e9 entendre qu\u2019il pourrait placer <a href=\"https:\/\/www.20minutes.fr\/dossier\/washington\" target=\"_blank\" class=\"color-ultramarine c-link\" rel=\"noopener\">Washington<\/a> sous administration f\u00e9d\u00e9rale, ravivant une vieille promesse de campagne. \u00ab\u00a0Nous y songeons, ouais, parce que la criminalit\u00e9 est hallucinante\u00a0\u00bb, a-t-il lanc\u00e9 \u00e0 la presse, en r\u00e9ponse \u00e0 une question sur une \u00e9ventuelle prise de contr\u00f4le des institutions locales, notamment de la <a href=\"https:\/\/www.20minutes.fr\/dossier\/police\" target=\"_blank\" class=\"color-ultramarine c-link\" rel=\"noopener\">police<\/a>.<\/p>\n<p>\u00ab\u00a0Nous voulons une grande capitale qui soit s\u00fbre et nous allons l\u2019avoir\u00a0\u00bb, a-t-il poursuivi, \u00e9voquant un recours possible \u00e0 la Garde nationale \u00ab\u00a0tr\u00e8s rapidement\u00a0\u00bb. Une r\u00e9f\u00e9rence directe \u00e0 l\u2019intervention controvers\u00e9e de cette force militaire f\u00e9d\u00e9rale \u00e0 <a href=\"https:\/\/www.20minutes.fr\/dossier\/los_angeles\" target=\"_blank\" class=\"color-ultramarine c-link\" rel=\"noopener\">Los Angeles<\/a>, d\u00e9ploy\u00e9e contre l\u2019avis du gouverneur d\u00e9mocrate Gavin Newsom.<\/p>\n<p>Une criminalit\u00e9 pourtant en baisse<\/p>\n<p>La sortie pr\u00e9sidentielle intervient alors que la <a href=\"https:\/\/www.20minutes.fr\/dossier\/ville\" target=\"_blank\" class=\"color-ultramarine c-link\" rel=\"noopener\">ville<\/a>, dirig\u00e9e par des \u00e9lus d\u00e9mocrates, a connu une baisse significative des d\u00e9lits\u00a0: selon les chiffres officiels, la <a href=\"https:\/\/www.20minutes.fr\/dossier\/criminalite\" target=\"_blank\" class=\"color-ultramarine c-link\" rel=\"noopener\">criminalit\u00e9<\/a> a chut\u00e9 de 26\u00a0% au premier semestre\u00a02025. En\u00a02024, Washington avait d\u00e9j\u00e0 enregistr\u00e9 son plus bas niveau en trente ans.<\/p>\n<\/p>\n<p>Mais Donald Trump ne s\u2019embarrasse pas de ces <a href=\"https:\/\/www.20minutes.fr\/dossier\/statistiques\" target=\"_blank\" class=\"color-ultramarine c-link\" rel=\"noopener\">statistiques<\/a>. Fid\u00e8le \u00e0 sa rh\u00e9torique, il fustige depuis des ann\u00e9es la gestion de Washington, qu\u2019il qualifie r\u00e9guli\u00e8rement de \u00ab\u00a0crasseuse\u00a0\u00bb et de \u00ab\u00a0dangereuse\u00a0\u00bb. Mardi, il a r\u00e9affirm\u00e9 sur ses <a href=\"https:\/\/www.20minutes.fr\/dossier\/reseaux_sociaux\" target=\"_blank\" class=\"color-ultramarine c-link\" rel=\"noopener\">r\u00e9seaux sociaux<\/a>\u00a0: \u00ab\u00a0Si DC n\u2019agit pas de mani\u00e8re concert\u00e9e et rapide, nous n\u2019aurons pas d\u2019autre choix que de prendre le contr\u00f4le de la municipalit\u00e9 et de la diriger comme il se doit.\u00a0\u00bb<\/p>\n<p>\u00ab\u00a0Rendre DC s\u00fbre et magnifique\u00a0\u00bb<\/p>\n<p>En mars dernier, il avait d\u00e9j\u00e0 sign\u00e9 un d\u00e9cret baptis\u00e9 \u00ab\u00a0Pour rendre DC s\u00fbre et magnifique\u00a0\u00bb, sans effet concret pour l\u2019instant. Pourtant, la structure institutionnelle de Washington limite fortement les marges de man\u0153uvre du pouvoir ex\u00e9cutif. Depuis\u00a01973, une l\u00e9gislation garantit au District of Columbia un <a href=\"https:\/\/www.20minutes.fr\/dossier\/gouvernement\" target=\"_blank\" class=\"color-ultramarine c-link\" rel=\"noopener\">gouvernement<\/a> local autonome, avec un <a href=\"https:\/\/www.20minutes.fr\/dossier\/maire\" target=\"_blank\" class=\"color-ultramarine c-link\" rel=\"noopener\">maire<\/a> et une assembl\u00e9e \u00e9lus, ainsi qu\u2019une police ind\u00e9pendante.<\/p>\n<p><a href=\"https:\/\/www.20minutes.fr\/monde\/etats-unis\/\" target=\"_blank\" class=\"c-link c-btn c-btn--primary\" rel=\"noopener\">Nos articles sur les Etats-Unis<\/a><\/p>\n<p>Le <a href=\"https:\/\/www.20minutes.fr\/dossier\/congres\" target=\"_blank\" class=\"color-ultramarine c-link\" rel=\"noopener\">Congr\u00e8s<\/a> reste n\u00e9anmoins l\u2019ultime autorit\u00e9 sur les affaires de la ville, m\u00eame si le district ne dispose que d\u2019un repr\u00e9sentant sans droit de vote. C\u2019est ce qu\u2019a rappel\u00e9 la d\u00e9l\u00e9gu\u00e9e Eleanor Holmes Norton, \u00e9lue d\u00e9mocrate \u00e0 la Chambre des repr\u00e9sentants. \u00ab\u00a0Les pr\u00e9sidents n\u2019ont pas l\u2019autorit\u00e9 pour prendre le contr\u00f4le de DC. Le Congr\u00e8s devra voter une loi\u00a0\u00bb, a-t-elle r\u00e9pliqu\u00e9 sur X.<\/p>\n","protected":false},"excerpt":{"rendered":"Mercredi, Donald Trump a laiss\u00e9 entendre qu\u2019il pourrait placer Washington sous administration f\u00e9d\u00e9rale, ravivant une vieille promesse de&hellip;\n","protected":false},"author":2,"featured_media":301949,"comment_status":"","ping_status":"","sticky":false,"template":"","format":"standard","meta":{"footnotes":""},"categories":[5],"tags":[47,11,1813,10514,2951,75,73,1011,27,14,6116,74,12,1072,4824,2744,28],"class_list":{"0":"post-301948","1":"post","2":"type-post","3":"status-publish","4":"format-standard","5":"has-post-thumbnail","7":"category-international","8":"tag-actualite","9":"tag-actualites","10":"tag-armee","11":"tag-congres-des-etats-unis","12":"tag-criminalite","13":"tag-donald-trump","14":"tag-etats-unis","15":"tag-fr","16":"tag-france","17":"tag-international","18":"tag-los-angeles","19":"tag-monde","20":"tag-news","21":"tag-police","22":"tag-ville","23":"tag-washington","24":"tag-world"},"share_on_mastodon":{"url":"https:\/\/pubeurope.com\/@fr\/114985697440637340","error":""},"_links":{"self":[{"href":"https:\/\/www.europesays.com\/fr\/wp-json\/wp\/v2\/posts\/301948","targetHints":{"allow":["GET"]}}],"collection":[{"href":"https:\/\/www.europesays.com\/fr\/wp-json\/wp\/v2\/posts"}],"about":[{"href":"https:\/\/www.europesays.com\/fr\/wp-json\/wp\/v2\/types\/post"}],"author":[{"embeddable":true,"href":"https:\/\/www.europesays.com\/fr\/wp-json\/wp\/v2\/users\/2"}],"replies":[{"embeddable":true,"href":"https:\/\/www.europesays.com\/fr\/wp-json\/wp\/v2\/comments?post=301948"}],"version-history":[{"count":0,"href":"https:\/\/www.europesays.com\/fr\/wp-json\/wp\/v2\/posts\/301948\/revisions"}],"wp:featuredmedia":[{"embeddable":true,"href":"https:\/\/www.europesays.com\/fr\/wp-json\/wp\/v2\/media\/301949"}],"wp:attachment":[{"href":"https:\/\/www.europesays.com\/fr\/wp-json\/wp\/v2\/media?parent=301948"}],"wp:term":[{"taxonomy":"category","embeddable":true,"href":"https:\/\/www.europesays.com\/fr\/wp-json\/wp\/v2\/categories?post=301948"},{"taxonomy":"post_tag","embeddable":true,"href":"https:\/\/www.europesays.com\/fr\/wp-json\/wp\/v2\/tags?post=301948"}],"curies":[{"name":"wp","href":"https:\/\/api.w.org\/{rel}","templated":true}]}}