{"id":30195,"date":"2025-04-16T23:08:12","date_gmt":"2025-04-16T23:08:12","guid":{"rendered":"https:\/\/www.europesays.com\/fr\/30195\/"},"modified":"2025-04-16T23:08:12","modified_gmt":"2025-04-16T23:08:12","slug":"cyclisme-tour-du-jura-parcours-profil-et-favoris-le-tour-du-jura-cycliste-samedi","status":"publish","type":"post","link":"https:\/\/www.europesays.com\/fr\/30195\/","title":{"rendered":"Cyclisme. Tour du Jura &#8211; Parcours, profil et favoris&#8230; Le Tour du Jura Cycliste samedi"},"content":{"rendered":"<p>Le <strong><a href=\"https:\/\/www.cyclismactu.net\/..\/news-agenda-route-les-abruzzes-brabanconne-amstel-gold-race-programme-de-semaine-87356.html\" target=\"_blank\" rel=\"noopener\">Tour du Jura Cycliste 2025<\/a><\/strong>, c&rsquo;est samedi ! Pour cette nouvelle \u00e9dition, c&rsquo;est de nouveau un grimpeur qui devrait briller. 5 ascensions seront au programme : le Massif de la Serre (3,2 km \u00e0 4,3%), la C\u00f4te de la Chamoz (2,9 km \u00e0 7,8%), la C\u00f4te de Th\u00e9sy (3,8 km \u00e0 8,4%), la mont\u00e9e vers Saint-Thi\u00e9baut (2,7km \u00e0 8,3%) et enfin l&rsquo;arriv\u00e9e finale au Mont Poupet (4,1 km \u00e0 8,1%). <strong>Ben O&rsquo;Connor <\/strong>(2022), <strong>K\u00e9vin Vauquelin<\/strong> (2023), <strong>David Gaudu<\/strong> (2024)&#8230; quel grimpeur s&rsquo;imposera en 2025 ? Plusieurs noms ressortent : <strong>Guillaume Martin<\/strong> (Groupama-FDJ), <strong>Cian Uijtdebroeks, Jorgen Nordhagen<\/strong> (Visma\u00a0| Lease a Bike), <strong>Cl\u00e9ment Berthet <\/strong>(Decathlon AG2R La Mondiale) ou encore <strong>Tobias Johannessen<\/strong> (Uno-X Mobility).<\/p>\n<p>Vid\u00e9o &#8211; Didier Monrolin, co-organisateur du Tour du Jura Lire la suite de l&rsquo;article&#13;<\/p>\n<p>\u00a0<\/p>\n<p>&#13;<br \/>\nLe profil&#13;<\/p>\n<p><img decoding=\"async\" src=\"https:\/\/www.europesays.com\/fr\/wp-content\/uploads\/2025\/04\/TourduJura.jpg\" style=\"max-width:100%;max-height:100%;\" alt=\"image\" loading=\"lazy\"\/><\/p>\n<p>&#13;<br \/>\nLes engag\u00e9s&#13;<\/p>\n<p><strong>Groupama-FDJ<\/strong><\/p>\n<p>&#13;<\/p>\n<p>Cl\u00e9ment Braz Afonso<br \/>Maximilian Cushway<br \/>Tom Donnenwirth<br \/>Guillaume Martin<br \/>Oscar Nilsson-Julien<\/p>\n<p>&#13;<\/p>\n<p>Brieuc Rolland<\/p>\n<p>&#13;<\/p>\n<ol> <\/ol>\n<p>&#13;<\/p>\n<p><strong>Team Visma | Lease a Bike<\/strong><br \/>11. Tijmen Graat<br \/>12. Jonas Kind H\u00f8ydahl<br \/>13. Menno Huising<br \/>14. J\u00f8rgen Nordhagen<br \/>15. Cian Uijtdebroeks<br \/>16. Loe van Belle<\/p>\n<p>&#13;<\/p>\n<p><strong>Decathlon AG2R La Mondiale Team<\/strong><br \/>21. Cl\u00e9ment Berthet<br \/>22. Louic Boussemaere<br \/>23. Andrew Oscar Chamberlain<br \/>24. Noa Isidore<br \/>25. Daniel Weis Nielsen<br \/>26. Nans Peters<\/p>\n<p>&#13;<\/p>\n<p><strong>Cofidis<\/strong><br \/>31. Emanuel Buchmann<br \/>32. Simon Carr<br \/>33. Jes\u00fas Herrada<br \/>34. Sam Maisonobe<br \/>35. Benjamin Thomas<br \/>36. Hugo Toumire<\/p>\n<p>&#13;<\/p>\n<p><strong>Ark\u00e9a-B&amp;B Hotels<\/strong><br \/>41. Ewen Costiou<br \/>42. \u00c9lie Gesbert<br \/>43. Cristian Rodr\u00edguez Mart\u00edn<br \/>44. Louis Rouland<br \/>45. Alessandro Verre<br \/>46. Edoardo Zamperini<\/p>\n<p>&#13;<\/p>\n<p><strong>Equipo Kern Pharma<\/strong><br \/>51. Pablo Carrascosa Miller<br \/>52. Iv\u00e1n Cobo Cay\u00f3n<br \/>53. Nil Gimeno Ferrer<br \/>54. Jorge Guti\u00e9rrez Gonz\u00e1lez<br \/>55. Unai Iribar Jauregi<br \/>56. Iv\u00e1n Ramiro Sosa<\/p>\n<p>&#13;<\/p>\n<p><strong>TDT-Unibet Tietema<\/strong><br \/>61. Odd Christian Eiking<br \/>62. Owen Geleijn<br \/>63. Baptiste Huyet<br \/>64. Zeb Kyffin<br \/>65. Adrien Maire<br \/>66. Killian Verschuren<\/p>\n<p>&#13;<\/p>\n<p><strong>Caja Rural-Seguros RGA<\/strong><br \/>71. Julen Arriola-Bengoa Beitia<br \/>72. Abel Balderstone Roumens<br \/>73. Sebastian Berwick<br \/>74. Joan Bou Compani<br \/>75. \u00c1lex D\u00edaz \u00c1lvarez<br \/>76. Joel Nicolau Beltran<\/p>\n<p>&#13;<\/p>\n<p><strong>Wagner Bazin WB<\/strong><br \/>81. Jocelyn Baguelin<br \/>82. Quentin Bezza<br \/>83. Johan Meens<br \/>84. Victor Papon<br \/>85. Thomas Portsmouth<br \/>86. Giacomo Villa<\/p>\n<p>&#13;<\/p>\n<p><strong>Burgos-Burpellet-BH<\/strong><br \/>91. Cl\u00e9ment Alleno<br \/>92. Ander Okamika Bengoetxea<br \/>93. Jos\u00e9 Manuel D\u00edaz Gallego<br \/>94. Mario Aparicio Mu\u00f1oz<br \/>95. Carlos Garc\u00eda Pierna<br \/>96. David Delgado Higueruelo<\/p>\n<p>&#13;<\/p>\n<p><strong>Uno-X Mobility<\/strong><br \/>101. Simon Dalby<br \/>102. Anders Halland Johannessen<br \/>103. Tobias Halland Johannessen<br \/>104. Johannes Kulset<br \/>105. Sakarias Koller L\u00f8land<br \/>106. Magnus Cort Nielsen<\/p>\n<p>&#13;<\/p>\n<p><strong>Euskaltel-Euskadi<\/strong><br \/>111. Xabier Berasategi Garmendia<br \/>112. Txomin Juaristi<br \/>113. Mikel Bizkarra<br \/>114. Jon Agirre Ega\u00f1a<br \/>115. M\u00e1rton Dina<br \/>116. Iker Mintegi Claver<\/p>\n<p>&#13;<\/p>\n<p><strong>TotalEnergies<\/strong><br \/>121. Joris Delbove<br \/>122. Fabien Doubey<br \/>123. Fabien Grellier<br \/>124. Jordan Jegat<br \/>125. Alan Jousseaume<br \/>126. Matteo Vercher<\/p>\n<p>&#13;<\/p>\n<p><strong>Nice M\u00e9tropole C\u00f4te d\u2019Azur<\/strong><br \/>131. Andrei Carbunarea<br \/>132. Damien Girard<br \/>133. Carter Guichard<br \/>134. Jaakko H\u00e4nninen<br \/>135. Andr\u00e9a Mifsud<br \/>136. Axel Narbonne Zuccarelli<\/p>\n<p>&#13;<\/p>\n<p><strong>Van Rysel-Roubaix<\/strong><br \/>151. K\u00e9vin Avoine<br \/>152. R\u00e9mi Capron<br \/>153. C\u00e9lestin Guillon<br \/>154. Maxime Jarnet<br \/>155. Maximilien Juillard<br \/>156. Kenny Molly<\/p>\n<p>&#13;<\/p>\n<p><strong>St Michel &#8211; Mavic &#8211; Auber93<\/strong><br \/>141. Lucas Beneteau<br \/>142. Nicolas Breuillard<br \/>143. Thomas Champion<br \/>144. Dillon Corkery<br \/>145. Th\u00e9o Delacroix<br \/>146. Yohann Simon<\/p>\n<p>&#13;<\/p>\n<p><strong>CIC U Nantes Atlantique<\/strong><br \/>161. Joris Chaussinand<br \/>162. Corentin Devroute<br \/>163. Ma\u00ebl Gu\u00e9gan<br \/>164. Antoine Hue<br \/>165. Ya\u00ebl Joalland<br \/>166. Axel Mariault<\/p>\n<p>&#13;<\/p>\n<p><strong>MyVelo Pro Cycling Team<\/strong><br \/>171. Nils Brun<br \/>172. Luca Jenni<br \/>173. Timon Loderer<br \/>174. Tillman Sarnowski<br \/>175. Jakob Schmidt<br \/>176. Jan Sommer<\/p>\n","protected":false},"excerpt":{"rendered":"Le Tour du Jura Cycliste 2025, c&rsquo;est samedi ! Pour cette nouvelle \u00e9dition, c&rsquo;est de nouveau un grimpeur&hellip;\n","protected":false},"author":2,"featured_media":30196,"comment_status":"","ping_status":"","sticky":false,"template":"","format":"standard","meta":{"footnotes":""},"categories":[1411],"tags":[1154,207,211,1011,27,209,60,210,10447,212,208,213],"class_list":{"0":"post-30195","1":"post","2":"type-post","3":"status-publish","4":"format-standard","5":"has-post-thumbnail","7":"category-cyclisme","8":"tag-cycling","9":"tag-cyclisme","10":"tag-ffc","11":"tag-fr","12":"tag-france","13":"tag-route","14":"tag-sports","15":"tag-tour-de-france","16":"tag-tour-du-jura","17":"tag-uci","18":"tag-velo","19":"tag-world-tour"},"share_on_mastodon":{"url":"https:\/\/pubeurope.com\/@fr\/114350162176248913","error":""},"_links":{"self":[{"href":"https:\/\/www.europesays.com\/fr\/wp-json\/wp\/v2\/posts\/30195","targetHints":{"allow":["GET"]}}],"collection":[{"href":"https:\/\/www.europesays.com\/fr\/wp-json\/wp\/v2\/posts"}],"about":[{"href":"https:\/\/www.europesays.com\/fr\/wp-json\/wp\/v2\/types\/post"}],"author":[{"embeddable":true,"href":"https:\/\/www.europesays.com\/fr\/wp-json\/wp\/v2\/users\/2"}],"replies":[{"embeddable":true,"href":"https:\/\/www.europesays.com\/fr\/wp-json\/wp\/v2\/comments?post=30195"}],"version-history":[{"count":0,"href":"https:\/\/www.europesays.com\/fr\/wp-json\/wp\/v2\/posts\/30195\/revisions"}],"wp:featuredmedia":[{"embeddable":true,"href":"https:\/\/www.europesays.com\/fr\/wp-json\/wp\/v2\/media\/30196"}],"wp:attachment":[{"href":"https:\/\/www.europesays.com\/fr\/wp-json\/wp\/v2\/media?parent=30195"}],"wp:term":[{"taxonomy":"category","embeddable":true,"href":"https:\/\/www.europesays.com\/fr\/wp-json\/wp\/v2\/categories?post=30195"},{"taxonomy":"post_tag","embeddable":true,"href":"https:\/\/www.europesays.com\/fr\/wp-json\/wp\/v2\/tags?post=30195"}],"curies":[{"name":"wp","href":"https:\/\/api.w.org\/{rel}","templated":true}]}}