{"id":301954,"date":"2025-08-07T04:57:14","date_gmt":"2025-08-07T04:57:14","guid":{"rendered":"https:\/\/www.europesays.com\/fr\/301954\/"},"modified":"2025-08-07T04:57:14","modified_gmt":"2025-08-07T04:57:14","slug":"la-ville-offre-des-vacances-a-des-jeunes-ukrainiens","status":"publish","type":"post","link":"https:\/\/www.europesays.com\/fr\/301954\/","title":{"rendered":"la Ville offre des vacances \u00e0 des jeunes Ukrainiens"},"content":{"rendered":"<p>Dans la clairi\u00e8re du Chalet des Alpes, au Bessat, les rires sont timides mais pr\u00e9sents. Ce lundi, vingt adolescents ukrainiens fra\u00eechement arriv\u00e9s savourent leur premi\u00e8re vraie journ\u00e9e de calme, apr\u00e8s deux jours de bus depuis leur pays en guerre. Tandis que certains s\u2019essaient au tir \u00e0 l\u2019arc pour la premi\u00e8re fois, d\u2019autres d\u00e9couvrent la p\u00e9tanque. Le jeu, comme le paysage, invite \u00e0 la d\u00e9tente.<\/p>\n<p>\u00ab\u00a0Quelques jours loin du stress\u00a0\u00bb<\/p>\n<p>\u00ab\u00a0Ces adolescents ont v\u00e9cu des drames familiaux. Ils avaient tous besoin de cette pause\u00a0\u00bb, d\u00e9crit Marie-Jos\u00e9 Chazal, directrice du Chalet des Alpes, \u00e0 quelques pas du groupe. \u00c2g\u00e9s de 12 \u00e0 16 ans, ces jeunes viennent de Starobilsk et Popasna, deux villes aujourd\u2019hui sous occupation russe.<\/p>\n<p>Ils sont accueillis au Bessat par la mairie de Saint-\u00c9tienne, jusqu\u2019au 14\u00a0ao\u00fbt. Pour les accueillir, Marc Chassaub\u00e9n\u00e9, adjoint charg\u00e9 des&#8230;<\/p>\n","protected":false},"excerpt":{"rendered":"Dans la clairi\u00e8re du Chalet des Alpes, au Bessat, les rires sont timides mais pr\u00e9sents. Ce lundi, vingt&hellip;\n","protected":false},"author":2,"featured_media":301955,"comment_status":"","ping_status":"","sticky":false,"template":"","format":"standard","meta":{"footnotes":""},"categories":[9653],"tags":[1111,11,2430,3206,7539,1777,674,1011,27,44211,3367,12,25,4001,15343,104],"class_list":{"0":"post-301954","1":"post","2":"type-post","3":"status-publish","4":"format-standard","5":"has-post-thumbnail","7":"category-saint-etienne","8":"tag-actu","9":"tag-actualites","10":"tag-auvergne-rhone-alpes","11":"tag-defense-guerre-conflit","12":"tag-edition-loire-sud","13":"tag-eu","14":"tag-europe","15":"tag-fr","16":"tag-france","17":"tag-le-bessat","18":"tag-loire","19":"tag-news","20":"tag-republique-francaise","21":"tag-saint-etienne","22":"tag-saint-genest-malifaux-bassin","23":"tag-societe"},"share_on_mastodon":{"url":"https:\/\/pubeurope.com\/@fr\/114985713267522910","error":""},"_links":{"self":[{"href":"https:\/\/www.europesays.com\/fr\/wp-json\/wp\/v2\/posts\/301954","targetHints":{"allow":["GET"]}}],"collection":[{"href":"https:\/\/www.europesays.com\/fr\/wp-json\/wp\/v2\/posts"}],"about":[{"href":"https:\/\/www.europesays.com\/fr\/wp-json\/wp\/v2\/types\/post"}],"author":[{"embeddable":true,"href":"https:\/\/www.europesays.com\/fr\/wp-json\/wp\/v2\/users\/2"}],"replies":[{"embeddable":true,"href":"https:\/\/www.europesays.com\/fr\/wp-json\/wp\/v2\/comments?post=301954"}],"version-history":[{"count":0,"href":"https:\/\/www.europesays.com\/fr\/wp-json\/wp\/v2\/posts\/301954\/revisions"}],"wp:featuredmedia":[{"embeddable":true,"href":"https:\/\/www.europesays.com\/fr\/wp-json\/wp\/v2\/media\/301955"}],"wp:attachment":[{"href":"https:\/\/www.europesays.com\/fr\/wp-json\/wp\/v2\/media?parent=301954"}],"wp:term":[{"taxonomy":"category","embeddable":true,"href":"https:\/\/www.europesays.com\/fr\/wp-json\/wp\/v2\/categories?post=301954"},{"taxonomy":"post_tag","embeddable":true,"href":"https:\/\/www.europesays.com\/fr\/wp-json\/wp\/v2\/tags?post=301954"}],"curies":[{"name":"wp","href":"https:\/\/api.w.org\/{rel}","templated":true}]}}