{"id":301956,"date":"2025-08-07T04:58:16","date_gmt":"2025-08-07T04:58:16","guid":{"rendered":"https:\/\/www.europesays.com\/fr\/301956\/"},"modified":"2025-08-07T04:58:16","modified_gmt":"2025-08-07T04:58:16","slug":"une-halte-gourmande-au-bout-dun-monde-au-jardin-godron-a-nancy","status":"publish","type":"post","link":"https:\/\/www.europesays.com\/fr\/301956\/","title":{"rendered":"une halte gourmande au bout d\u2019un monde au jardin Godron \u00e0 Nancy"},"content":{"rendered":"<p>Elle a appuy\u00e9 son vieux v\u00e9lo contre une petite table en bois, sous une ombre pr\u00e9caire mais rafra\u00eechissante au milieu des herbes sauvagement organis\u00e9es, et elle s\u2019est assise l\u00e0 quelques instants pour grignoter.<\/p>\n<p>On est au Nancy, mais c\u2019est comme si on \u00e9tait au bout d\u2019un monde.<\/p>\n<p>Fond\u00e9 par le roi <a href=\"https:\/\/www.estrepublicain.fr\/p\/place-stanislas\" target=\"_blank\" rel=\"noopener\">Stanislas<\/a> en 1758, le <a href=\"https:\/\/www.estrepublicain.fr\/environnement\/2025\/07\/26\/parc-godron-le-premier-jardin-botanique-nanceien\" target=\"_blank\" rel=\"noopener\">jardin Dominique Alexandre-Godron<\/a> est le premier jardin botanique de la ville, et m\u00eame de France. La volont\u00e9 du souverain lorrain originaire de Pologne \u00e9tait de faire \u00e0 l\u2019\u00e9poque de Nancy une capitale culturelle et scientifique, une belle \u00e0 l\u2019int\u00e9rieur comme \u00e0 l\u2019ext\u00e9rieur en quelque sorte.<\/p>\n<p>C\u2019est une des plus belles r\u00e9ussites de Stanislas et de ses h\u00e9ritiers r\u00e9publicains du XXI e \u00a0si\u00e8cle. Godron\u00a0: petit par la taille, mais grand par la diversit\u00e9 qui y r\u00e8gne\u00a0! C\u2019est une respiration.<\/p>\n","protected":false},"excerpt":{"rendered":"Elle a appuy\u00e9 son vieux v\u00e9lo contre une petite table en bois, sous une ombre pr\u00e9caire mais rafra\u00eechissante&hellip;\n","protected":false},"author":2,"featured_media":301957,"comment_status":"","ping_status":"","sticky":false,"template":"","format":"standard","meta":{"footnotes":""},"categories":[9635],"tags":[1111,11,1707,1704,1706,1705,1777,674,1011,27,775,31022,20065,3457,1702,1703,12,25,104],"class_list":{"0":"post-301956","1":"post","2":"type-post","3":"status-publish","4":"format-standard","5":"has-post-thumbnail","7":"category-nancy","8":"tag-actu","9":"tag-actualites","10":"tag-edition-luneville","11":"tag-edition-nancy-et-agglomeration","12":"tag-edition-pont-a-mousson","13":"tag-edition-toul","14":"tag-eu","15":"tag-europe","16":"tag-fr","17":"tag-france","18":"tag-grand-est","19":"tag-le-guide-de-lete-lorraine","20":"tag-magazine-tourisme-et-patrimoine","21":"tag-meurthe-et-moselle","22":"tag-nancy","23":"tag-nancy-ville-54b","24":"tag-news","25":"tag-republique-francaise","26":"tag-societe"},"share_on_mastodon":{"url":"https:\/\/pubeurope.com\/@fr\/114985717232173240","error":""},"_links":{"self":[{"href":"https:\/\/www.europesays.com\/fr\/wp-json\/wp\/v2\/posts\/301956","targetHints":{"allow":["GET"]}}],"collection":[{"href":"https:\/\/www.europesays.com\/fr\/wp-json\/wp\/v2\/posts"}],"about":[{"href":"https:\/\/www.europesays.com\/fr\/wp-json\/wp\/v2\/types\/post"}],"author":[{"embeddable":true,"href":"https:\/\/www.europesays.com\/fr\/wp-json\/wp\/v2\/users\/2"}],"replies":[{"embeddable":true,"href":"https:\/\/www.europesays.com\/fr\/wp-json\/wp\/v2\/comments?post=301956"}],"version-history":[{"count":0,"href":"https:\/\/www.europesays.com\/fr\/wp-json\/wp\/v2\/posts\/301956\/revisions"}],"wp:featuredmedia":[{"embeddable":true,"href":"https:\/\/www.europesays.com\/fr\/wp-json\/wp\/v2\/media\/301957"}],"wp:attachment":[{"href":"https:\/\/www.europesays.com\/fr\/wp-json\/wp\/v2\/media?parent=301956"}],"wp:term":[{"taxonomy":"category","embeddable":true,"href":"https:\/\/www.europesays.com\/fr\/wp-json\/wp\/v2\/categories?post=301956"},{"taxonomy":"post_tag","embeddable":true,"href":"https:\/\/www.europesays.com\/fr\/wp-json\/wp\/v2\/tags?post=301956"}],"curies":[{"name":"wp","href":"https:\/\/api.w.org\/{rel}","templated":true}]}}