{"id":301958,"date":"2025-08-07T04:59:21","date_gmt":"2025-08-07T04:59:21","guid":{"rendered":"https:\/\/www.europesays.com\/fr\/301958\/"},"modified":"2025-08-07T04:59:21","modified_gmt":"2025-08-07T04:59:21","slug":"un-incontournable-de-lete-a-nancy","status":"publish","type":"post","link":"https:\/\/www.europesays.com\/fr\/301958\/","title":{"rendered":"un incontournable de l&rsquo;\u00e9t\u00e9 \u00e0 Nancy"},"content":{"rendered":"<p class=\"article-p mdl\">Le vid\u00e9o mapping estival est projet\u00e9 chaque soir sur la place Stanislas.<br \/>\n<br \/>Il est r\u00e9alis\u00e9 par AV Extended. La soci\u00e9t\u00e9 qui a d\u00e9j\u00e0 offici\u00e9 sur la place nanc\u00e9ienne \u2013 notamment dans le cadre du\u00a0<a class=\"link\" href=\"https:\/\/www.funradio.fr\/evenements\/regions\/michael-canitrot-pour-le-monumental-tour-a-nancy-c-est-la-rencontre-entre-mes-deux-passions-7900294697\" target=\"_blank\" rel=\"noopener\">Monumental Tour avec Michael Canitrot en 2023<\/a>\u00a0\u2013 a sign\u00e9 le show de la c\u00e9r\u00e9monie d&rsquo;ouverture de Notre-Dame de Paris ou encore le r\u00e9veillon de nouvel an sur l&rsquo;Arc de Triomphe.<br \/>\n<br \/>L\u2019\u00e9dition 2025 de \u00ab La Belle Saison \u00bb s&rsquo;intitule \u00ab\u00a0Morphing Architecture\u00a0\u00bb et aborde plusieurs th\u00e9matiques telles que le temps, l&rsquo;h\u00e9ritage ou encore les couleurs. \u00ab L\u2019id\u00e9e \u00e9tait de cr\u00e9er un lien vraiment fort entre le pass\u00e9, le pr\u00e9sent et le futur, non seulement par les artefacts, les ornements qui composent l\u2019architecture nanc\u00e9ienne. [\u2026] mais aussi transformer cette place, lui donner vie, faire appara\u00eetre des statues imaginaires qui s\u2019entrelacent, qui chuchotent et qui reprennent possession de la place. \u00bb, d\u00e9taille le directeur artistique J\u00e9r\u00e9mie Bellot.\n<\/p>\n<p>                <img decoding=\"async\" alt=\"\" class=\"media-item lazy\" src=\"https:\/\/www.europesays.com\/fr\/wp-content\/uploads\/2025\/08\/1773445-le-mapping-2025-a-nancy-est-divise-en-4-actes.jpg\"\/><\/p>\n<p>\n            Le mapping 2025 \u00e0 Nancy est divis\u00e9 en 4 actes<\/p>\n<p>\n            Cr\u00e9dit : Sarah Cotton<\/p>\n<p class=\"article-p mdl\">Un spectacle immersif de 16 minutes en 4 actes distincts est propos\u00e9. \u00ab On commence par un c\u00f4t\u00e9 tr\u00e8s baroque. C\u2019est \u00ab le souffle des pierres \u00bb, c\u2019est la cr\u00e9ation de cette place mais aussi la cr\u00e9ation de la ville. Ensuite, on part sur du morphing statuaire. [&#8230;] Sur le troisi\u00e8me tableau, on est sur une polychromie, on est dans la r\u00e9verb\u00e9ration, dans la couleur, dans le vitrail. Et puis [pour] le grand final appel\u00e9 \u00ab ornements psych\u00e9d\u00e9liques \u00bb, on part dans une r\u00eaverie, quelque chose de tr\u00e8s onirique, tr\u00e8s color\u00e9 \u00bb, raconte le directeur de cr\u00e9ation. \u00ab \u00c7a va \u00eatre tr\u00e8s color\u00e9 sur certains passages. Tr\u00e8s noir et blanc, tr\u00e8s cin\u00e9matographique sur notamment les morphings statuaires et puis on va jouer avec la lumi\u00e8re artificielle. On va transformer l\u2019architecture par la lumi\u00e8re, par les effets d\u2019ombres et puis par les modifications 3D qu\u2019on va apporter \u00e0 la fa\u00e7ade. \u00bb\n<\/p>\n<p>                <img decoding=\"async\" alt=\"\" class=\"media-item lazy\" src=\"https:\/\/www.europesays.com\/fr\/wp-content\/uploads\/2025\/08\/1773442-jeremie-bellot-est-le-directeur-artistique-du-mapping-a-nancy.jpg\"\/><\/p>\n<p>\n            J\u00e9r\u00e9mie Bellot est le directeur artistique du mapping \u00e0 Nancy<\/p>\n<p>\n            Cr\u00e9dit : Sarah Cotton<\/p>\n<p>Andr\u00e9 Manoukian et Ena Eno pour la bande son<\/p>\n<p class=\"article-p mdl\">Pour cette nouvelle cr\u00e9ation, l&rsquo;\u00e9quipe artistique a \u00e9t\u00e9 renouvel\u00e9e. La bande son a \u00e9t\u00e9 imagin\u00e9e par le compositeur, musicien et pianiste Andr\u00e9 Manoukian qui a travaill\u00e9 avec le compositeur, musicien et plasticien sonore Arnaud Corbellari alias Ena Eno. Ce dernier d\u00e9crit : \u00ab On commence en Am\u00e9rique du Nord, dans la r\u00e9p\u00e9tition, dans la ritournelle qui est cass\u00e9e par le piano. On va sur le baroque du nord de l\u2019Italie. Ensuite, on part dans les chorales arm\u00e9niennes et on finit sur un morceau entre le trip hop, l\u2019abstract hip-pop mais teint\u00e9 de beaucoup de psych\u00e9d\u00e9lisme \u00bb.\n<\/p>\n<p>                <img decoding=\"async\" alt=\"\" class=\"media-item lazy\" src=\"https:\/\/www.europesays.com\/fr\/wp-content\/uploads\/2025\/08\/1773443-ena-eno-et-andre-manoukian-signent-la-bande-son-de-l-edition-2025-du-mapping.jpg\"\/><\/p>\n<p>\n            Ena Eno et Andr\u00e9 Manoukian signent la bande son de l&rsquo;\u00e9dition 2025 du mapping<\/p>\n<p>\n            Cr\u00e9dit : Sarah Cotton<\/p>\n<p class=\"article-p mdl\">Et le processus de cr\u00e9ation a \u00e9t\u00e9 plut\u00f4t fluide entre les deux artistes. \u00ab Je suis arriv\u00e9 avec 2 propositions sur lesquelles Andr\u00e9 a improvis\u00e9. C\u2019\u00e9tait la mati\u00e8re brute sur laquelle j\u2019ai pu travailler. On a eu ce cross au clavecin qui s\u2019est imagin\u00e9 chez lui autour de son piano. Et on a travaill\u00e9 sur une chorale arm\u00e9nienne magnifique qu\u2019il avait sous la main. [\u2026] \u00c7a a \u00e9t\u00e9 assez \u00e9tonnant pour tous les deux. \u00bb, confie Ena Eno.\n<\/p>\n<p>            L\u2019IA comme \u00ab un pinceau \u00e0 part enti\u00e8re \u00bb<\/p>\n<p class=\"article-p mdl\">L&rsquo;intelligence artificielle a cette fois, \u00e9t\u00e9 utilis\u00e9e.  \u00ab Plut\u00f4t que de la repousser, on l\u2019a embrass\u00e9e et on en a fait un outil, un pinceau \u00e0 part enti\u00e8re. [\u2026] L\u2019id\u00e9e est d\u2019utiliser l\u2019intelligence artificielle non pas comme raccourci, mais pour complexifier la cr\u00e9ation et ouvrir de nouvelles perspectives et nouvelles esth\u00e9tiques qui seraient impossible \u00e0 r\u00e9aliser de mani\u00e8re analogique \u00bb, justifie J\u00e9r\u00e9mie Bellot.<br \/>\n<br \/>Les artistes ont d\u2019ailleurs abreuv\u00e9 leur IA d\u2019images d\u2019art d\u00e9co, un mouvement artistique tr\u00e8s pr\u00e9sent \u00e0 Nancy et mis \u00e0 l&rsquo;honneur en ce moment dans la cit\u00e9 ducale dans le cadre de \u00ab\u00a0<a class=\"link\" href=\"https:\/\/www.grandnancy.eu\/sortir-decouvrir\/metrofolies-2025\" target=\"_blank\" rel=\"noopener\">M\u00e9trofolies<\/a>\u00a0\u00bb.\n<\/p>\n<p>                <img decoding=\"async\" alt=\"\" class=\"media-item lazy\" src=\"https:\/\/www.europesays.com\/fr\/wp-content\/uploads\/2025\/08\/1773446-l-intelligence-artificielle-a-ete-utilisee-pour-ce-mapping.jpg\"\/><\/p>\n<p>\n            L&rsquo;intelligence artificielle a \u00e9t\u00e9 utilis\u00e9e pour ce mapping<\/p>\n<p>\n            Cr\u00e9dit : Sarah Cotton<\/p>\n<p class=\"article-p mdl\">Le mapping vid\u00e9o monumental est \u00e0 d\u00e9couvrir tous les soirs jusqu&rsquo;au 14 septembre. L&rsquo;ann\u00e9e derni\u00e8re, le rendez-vous avait attir\u00e9 600 000 spectateurs.<\/p>\n<p>        \u00c0 regarder<\/p>\n<p>                            La Belle Saison, \u00e9dition 2025\n                        <\/p>\n<p>\n                            00:03:15\n                        <\/p>\n<p>    La r\u00e9daction vous recommande<\/p>\n<p>\n                                    Lire la suite\n                                <\/p>\n","protected":false},"excerpt":{"rendered":"Le vid\u00e9o mapping estival est projet\u00e9 chaque soir sur la place Stanislas. Il est r\u00e9alis\u00e9 par AV Extended.&hellip;\n","protected":false},"author":2,"featured_media":301959,"comment_status":"","ping_status":"","sticky":false,"template":"","format":"standard","meta":{"footnotes":""},"categories":[9635],"tags":[1111,11,1777,674,1011,27,775,776,1702,12,16,25],"class_list":{"0":"post-301958","1":"post","2":"type-post","3":"status-publish","4":"format-standard","5":"has-post-thumbnail","7":"category-nancy","8":"tag-actu","9":"tag-actualites","10":"tag-eu","11":"tag-europe","12":"tag-fr","13":"tag-france","14":"tag-grand-est","15":"tag-lorraine","16":"tag-nancy","17":"tag-news","18":"tag-region","19":"tag-republique-francaise"},"share_on_mastodon":{"url":"https:\/\/pubeurope.com\/@fr\/114985721162029353","error":""},"_links":{"self":[{"href":"https:\/\/www.europesays.com\/fr\/wp-json\/wp\/v2\/posts\/301958","targetHints":{"allow":["GET"]}}],"collection":[{"href":"https:\/\/www.europesays.com\/fr\/wp-json\/wp\/v2\/posts"}],"about":[{"href":"https:\/\/www.europesays.com\/fr\/wp-json\/wp\/v2\/types\/post"}],"author":[{"embeddable":true,"href":"https:\/\/www.europesays.com\/fr\/wp-json\/wp\/v2\/users\/2"}],"replies":[{"embeddable":true,"href":"https:\/\/www.europesays.com\/fr\/wp-json\/wp\/v2\/comments?post=301958"}],"version-history":[{"count":0,"href":"https:\/\/www.europesays.com\/fr\/wp-json\/wp\/v2\/posts\/301958\/revisions"}],"wp:featuredmedia":[{"embeddable":true,"href":"https:\/\/www.europesays.com\/fr\/wp-json\/wp\/v2\/media\/301959"}],"wp:attachment":[{"href":"https:\/\/www.europesays.com\/fr\/wp-json\/wp\/v2\/media?parent=301958"}],"wp:term":[{"taxonomy":"category","embeddable":true,"href":"https:\/\/www.europesays.com\/fr\/wp-json\/wp\/v2\/categories?post=301958"},{"taxonomy":"post_tag","embeddable":true,"href":"https:\/\/www.europesays.com\/fr\/wp-json\/wp\/v2\/tags?post=301958"}],"curies":[{"name":"wp","href":"https:\/\/api.w.org\/{rel}","templated":true}]}}