{"id":301966,"date":"2025-08-07T05:07:15","date_gmt":"2025-08-07T05:07:15","guid":{"rendered":"https:\/\/www.europesays.com\/fr\/301966\/"},"modified":"2025-08-07T05:07:15","modified_gmt":"2025-08-07T05:07:15","slug":"sans-abri-elle-accouche-dans-un-accueil-de-nuit-a-grenoble","status":"publish","type":"post","link":"https:\/\/www.europesays.com\/fr\/301966\/","title":{"rendered":"sans-abri, elle accouche dans un accueil de nuit \u00e0 Grenoble"},"content":{"rendered":"<p class=\"article__intro\">Dans la nuit du 4 au 5 ao\u00fbt, une femme sans-abri a accouch\u00e9 dans la salle de jeux d\u2019un centre d\u2019h\u00e9bergement d\u2019urgence \u00e0 Grenoble. Aid\u00e9e par une autre r\u00e9sidente, elle a donn\u00e9 naissance \u00e0 une petite fille. La m\u00e8re et l&rsquo;enfant vont bien.<\/p>\n<p>\n      La Quotidienne Soci\u00e9t\u00e9\n    <\/p>\n<p>\n      De la vie quotidienne aux grands enjeux, recevez tous les jours les sujets qui font la soci\u00e9t\u00e9 locale, comme la justice, l\u2019\u00e9ducation, la sant\u00e9 et la famille.\n    <\/p>\n<p>    France T\u00e9l\u00e9visions utilise votre adresse e-mail afin de vous envoyer la newsletter \u00ab\u00a0La Quotidienne Soci\u00e9t\u00e9\u00a0\u00bb. Vous pouvez vous d\u00e9sinscrire \u00e0 tout moment via le lien en bas de cette newsletter. <a target=\"_blank\" href=\"https:\/\/www.francetelevisions.fr\/groupe\/confidentialite\/politique-de-confidentialite\/politique-de-confidentialite-de-france-televisions-6503\" rel=\"nofollow noopener\">Notre politique de confidentialit\u00e9<\/a><\/p>\n<p>\u00ab\u00a0Je suis tr\u00e8s heureuse d\u2019avoir mon b\u00e9b\u00e9 dans les bras\u00a0\u00bb, confie Bintou, la voix encore \u00e9mue au t\u00e9l\u00e9phone. Ce mercredi 6 ao\u00fbt, cette maman de 31 ans s\u2019appr\u00eate \u00e0 quitter l\u2019h\u00f4pital avec sa petite fille, n\u00e9e dans des conditions pour le moins inattendues.<\/p>\n<p>Dans la nuit du lundi 4 au mardi 5 ao\u00fbt, la jeune femme de nationalit\u00e9 ivoirienne et sans domicile, a accouch\u00e9 dans la salle de jeux d\u2019un accueil de nuit pour personnes sans solution d\u2019h\u00e9bergement \u00e0 Grenoble. Les premi\u00e8res contractions ont commenc\u00e9 aux alentours de 1h du matin. \u00ab\u00a0Ce n\u2019\u00e9tait pas facile, mais \u00e7a a \u00e9t\u00e9 rapide. \u00c7a a dur\u00e9 jusqu\u2019\u00e0 5 heures du matin\u00a0\u00bb, raconte-t-elle.<\/p>\n<blockquote class=\"ftvi_content_quote\">\n<p class=\"ftvi_citation_quote\">Je l\u2019ai allong\u00e9e sur des v\u00eatements \u00e0 m\u00eame le sol. Ensuite, elle s&rsquo;est mise \u00e0 pousser et en cinq minutes, le b\u00e9b\u00e9 \u00e9tait l\u00e0.<\/p>\n<p>Ga\u00eblle, une r\u00e9sidente de l&rsquo;accueil de nuit <\/p>\n<\/blockquote>\n<p>\u00ab\u00a0Elle a accouch\u00e9 \u00e0 5h15 exactement d&rsquo;une fille d&rsquo;un peu plus de 2 kilos\u00a0\u00bb, pr\u00e9cise Ga\u00eblle, une autre r\u00e9sidente du centre qui l&rsquo;a aid\u00e9e \u00e0 mettre son enfant au monde. \u00ab\u00a0Je la connais bien, on discute souvent. Cette nuit-l\u00e0, je revenais des toilettes quand je l\u2019ai crois\u00e9e. Elle m\u2019a dit qu\u2019elle ne se sentait pas bien\u00a0\u00bb, se souvient-elle.<\/p>\n<p>Vers 4 heures du matin, la situation s\u2019est pr\u00e9cipit\u00e9e. La poche des eaux se rompt, l\u2019arriv\u00e9e du b\u00e9b\u00e9 est imminente. \u00ab\u00a0J\u2019ai imm\u00e9diatement appel\u00e9 les pompiers, mais il \u00e9tait d\u00e9j\u00e0 un peu tard\u00a0\u00bb, explique Ga\u00eblle qui, sans mat\u00e9riel m\u00e9dical, s&rsquo;est improvis\u00e9e accoucheuse.<\/p>\n<p>\u00ab\u00a0Je l\u2019ai allong\u00e9e sur des v\u00eatements \u00e0 m\u00eame le sol. Ensuite, elle s&rsquo;est mise \u00e0 pousser et en cinq minutes, le b\u00e9b\u00e9 \u00e9tait l\u00e0. J&rsquo;ai pris la petite et je l&rsquo;ai pos\u00e9e sur le ventre de sa maman, puis je l\u2019ai couverte avec un pagne. Nous n\u2019avions rien d\u2019autre, m\u00eame pas une serviette\u00a0\u00bb, d\u00e9taille-t-elle avant d&rsquo;ajouter : \u00a0\u00bb J&rsquo;ai eu tr\u00e8s peur car je n&rsquo;avais jamais fait \u00e7a avant. En tant que maman, je me suis souvenu des gestes des sages-femmes lors de mes propres accouchements.\u00a0\u00bb <\/p>\n<p>Les secours sont arriv\u00e9s peu apr\u00e8s et ont pris en charge la m\u00e8re et son nourrisson, tous deux ont \u00e9t\u00e9 transport\u00e9s \u00e0 l\u2019h\u00f4pital Couple-Enfant de Grenoble. \u00ab\u00a0A leur arriv\u00e9e, les infirmiers ont examin\u00e9 la m\u00e8re et l&rsquo;enfant et m&rsquo;ont fait l\u2019honneur de couper le cordon\u00a0\u00bb, confie Ga\u00eblle.<\/p>\n<p><a data-article-figure=\"\" href=\"https:\/\/france3-regions.franceinfo.fr\/image\/WX1RwL0JuU7nr_3lx3xIbHSl2GA\/1600x1200\/regions\/2025\/08\/06\/whatsapp-image-2025-08-06-at-13-34-54-68935481cd46c115563847.jpg\" data-pswp-width=\"1600\" data-pswp-height=\"1200\" target=\"_blank\" rel=\"nofollow noopener\"><\/p>\n<p>          <img width=\"600\" height=\"400\" class=\"article-image lazy\" data-src=\"https:\/\/www.europesays.com\/fr\/wp-content\/uploads\/2025\/08\/whatsapp-image-2025-08-06-at-13-34-54-68935481cd46c115563847.jpg\" alt=\"L'accouchement a eu lieu dans un accueil de nuit \u00e0 Grenoble rue L\u00e9on Jouhaux.\" fetchpriority=\"high\" as=\"image\"\/><\/p>\n<p>\n            L&rsquo;accouchement a eu lieu dans un accueil de nuit \u00e0 Grenoble rue L\u00e9on Jouhaux.<br \/>\n                           \u2022<br \/>\n                                      \u00a9 Pierre-Andr\u00e9 Delbecq\n                      <\/p>\n<p><\/a><\/p>\n<p>D\u00e9j\u00e0 m\u00e8re de deux enfants, la jeune femme ne s\u2019attendait pas \u00e0 un accouchement aussi rapide. \u00ab\u00a0Pour ma premi\u00e8re, les contractions avaient commenc\u00e9 \u00e0 21 heures, et j\u2019avais accouch\u00e9 le lendemain matin. L\u00e0, j\u2019ai cru que \u00e7a pouvait attendre surtout que j&rsquo;avais un rendez-vous m\u00e9dical pr\u00e9vu le matin\u00a0\u00bb, explique-t-elle.<\/p>\n<p>La petite fille, pr\u00e9nomm\u00e9e Mawa, p\u00e8se un peu plus de deux kilos. Un pr\u00e9nom charg\u00e9 de sens : \u00ab\u00a0C\u2019est celui de ma m\u00e8re. Il repr\u00e9sente beaucoup pour moi. L\u2019amour que je lui porte, mais aussi tout mon parcours de migrante\u00a0\u00bb, fait-elle savoir<\/p>\n<p>La m\u00e8re et l\u2019enfant, en bonne sant\u00e9, devaient bient\u00f4t sortir de l\u2019h\u00f4pital. \u00ab\u00a0Je n\u2019aurais jamais imagin\u00e9 accoucher dans ces conditions. L\u2019accouchement \u00e9tait pr\u00e9vu entre fin ao\u00fbt et d\u00e9but septembre. Mais Mawa en a d\u00e9cid\u00e9 autrement\u00a0\u00bb, conclut la maman.\u00a0<\/p>\n","protected":false},"excerpt":{"rendered":"Dans la nuit du 4 au 5 ao\u00fbt, une femme sans-abri a accouch\u00e9 dans la salle de jeux&hellip;\n","protected":false},"author":2,"featured_media":301967,"comment_status":"","ping_status":"","sticky":false,"template":"","format":"standard","meta":{"footnotes":""},"categories":[9566],"tags":[1111,11,2430,1777,674,1011,27,2731,12,25],"class_list":{"0":"post-301966","1":"post","2":"type-post","3":"status-publish","4":"format-standard","5":"has-post-thumbnail","7":"category-grenoble","8":"tag-actu","9":"tag-actualites","10":"tag-auvergne-rhone-alpes","11":"tag-eu","12":"tag-europe","13":"tag-fr","14":"tag-france","15":"tag-grenoble","16":"tag-news","17":"tag-republique-francaise"},"share_on_mastodon":{"url":"https:\/\/pubeurope.com\/@fr\/114985752566268766","error":""},"_links":{"self":[{"href":"https:\/\/www.europesays.com\/fr\/wp-json\/wp\/v2\/posts\/301966","targetHints":{"allow":["GET"]}}],"collection":[{"href":"https:\/\/www.europesays.com\/fr\/wp-json\/wp\/v2\/posts"}],"about":[{"href":"https:\/\/www.europesays.com\/fr\/wp-json\/wp\/v2\/types\/post"}],"author":[{"embeddable":true,"href":"https:\/\/www.europesays.com\/fr\/wp-json\/wp\/v2\/users\/2"}],"replies":[{"embeddable":true,"href":"https:\/\/www.europesays.com\/fr\/wp-json\/wp\/v2\/comments?post=301966"}],"version-history":[{"count":0,"href":"https:\/\/www.europesays.com\/fr\/wp-json\/wp\/v2\/posts\/301966\/revisions"}],"wp:featuredmedia":[{"embeddable":true,"href":"https:\/\/www.europesays.com\/fr\/wp-json\/wp\/v2\/media\/301967"}],"wp:attachment":[{"href":"https:\/\/www.europesays.com\/fr\/wp-json\/wp\/v2\/media?parent=301966"}],"wp:term":[{"taxonomy":"category","embeddable":true,"href":"https:\/\/www.europesays.com\/fr\/wp-json\/wp\/v2\/categories?post=301966"},{"taxonomy":"post_tag","embeddable":true,"href":"https:\/\/www.europesays.com\/fr\/wp-json\/wp\/v2\/tags?post=301966"}],"curies":[{"name":"wp","href":"https:\/\/api.w.org\/{rel}","templated":true}]}}