{"id":301972,"date":"2025-08-07T05:10:12","date_gmt":"2025-08-07T05:10:12","guid":{"rendered":"https:\/\/www.europesays.com\/fr\/301972\/"},"modified":"2025-08-07T05:10:12","modified_gmt":"2025-08-07T05:10:12","slug":"strasbourg-le-collectif-bon-vieux-temps-organise-son-premier-festival-de-techno-dans-un-stand-de-tir","status":"publish","type":"post","link":"https:\/\/www.europesays.com\/fr\/301972\/","title":{"rendered":"Strasbourg. Le collectif Bon Vieux Temps organise son premier festival de techno dans un stand de tir"},"content":{"rendered":"<p>\u00ab\u00a0On s\u2019ennuyait un peu en soir\u00e9e techno donc on a d\u00e9cid\u00e9 d\u2019en organiser nous-m\u00eame.\u00a0\u00bb Voil\u00e0 comment un groupe de neuf potes de 22 \u00e0 24 ans s\u2019est lanc\u00e9 en 2023 dans la cr\u00e9ation d\u2019une association d\u00e9di\u00e9e \u00e0 la techno. Deux ans plus tard, <a href=\"https:\/\/www.dna.fr\/culture-loisirs\/2025\/07\/26\/techno-le-bon-vieux-festival-premiere\" target=\"_blank\" rel=\"noopener\">le collectif Bon Vieux Temps (BVT)<\/a> organise son premier festival au centre de tir Strasbourg 65 les vendredi\u00a015 et samedi 16\u00a0ao\u00fbt.<\/p>\n<p>  Un groupe de potes aux talents divers<\/p>\n<p>\u00ab\u00a0On peut maintenant faire ce qu\u2019on aime vraiment dans les soir\u00e9es techno.\u00a0\u00bb Les neuf membres de l\u2019association se connaissent depuis des ann\u00e9es et se sont chacun transmis le go\u00fbt pour la techno. C\u2019est tout naturellement qu\u2019ils d\u00e9cident de lancer le collectif Bon Vieux Temps en 2023 pour retrouver seulement ce qu\u2019ils aiment dans le milieu, \u00e0 commencer par la musique. Aujourd\u2019hui, six des neuf membres mixent dans les soir\u00e9es. \u00ab\u00a0Bient\u00f4t sept\u00a0!\u00a0\u00bb s\u2019exclame Eymeric, le prochain \u00e0 passer derri\u00e8re les platines. Mais ce ne sont pas uniquement les DJ qui font fonctionner le collectif, tous les membres ont des carri\u00e8res diff\u00e9rentes et utiles pour l\u2019association. \u00ab\u00a0Parmi les neuf, certains travaillent dans la finance, le graphisme et l\u2019audiovisuel donc on peut \u00eatre autonomes\u00a0\u00bb, explique le tr\u00e9sorier DJ Benjamin. Comptabilit\u00e9, sc\u00e9nographie et communication n\u2019ont donc aucun secret pour eux, ils peuvent contr\u00f4ler chaque d\u00e9tail tout en s\u2019\u00e9coutant pour \u00eatre s\u00fbrs d\u2019aller dans la bonne direction.<\/p>\n<p>La recette a d\u00e9j\u00e0 s\u00e9duit bon nombre de passionn\u00e9s de techno \u00e0 Strasbourg. La sc\u00e8ne locale les a accueillis \u00e0 bras ouverts lors de soir\u00e9es au <a href=\"https:\/\/www.dna.fr\/culture-loisirs\/2025\/05\/26\/caesaria-du-rock-anglais-made-in-alsace-au-molodoi\" target=\"_blank\" rel=\"noopener\">Molodo\u00ef<\/a> ou au <a href=\"https:\/\/www.dna.fr\/culture-loisirs\/2025\/04\/17\/nuisances-sonores-locaux-non-conformes-le-wagon-souk-sur-la-sellette\" target=\"_blank\" rel=\"noopener\">Wagon Souk<\/a> notamment. \u00ab\u00a0On a pu engranger de l\u2019exp\u00e9rience et voir comment les autres bossent\u00a0\u00bb, pr\u00e9cise Yann. Ce qui leur fait le plus plaisir\u00a0? Voir des gens avec le sourire aux l\u00e8vres pendant leurs sets. Cette fois, le collectif Bon Vieux Temps organise un festival de A \u00e0 Z, un challenge moins risqu\u00e9 qu\u2019il n\u2019y para\u00eet gr\u00e2ce aux multiples savoir-faire des neuf amis.<\/p>\n<p>  Deux jours de techno crescendo<\/p>\n<p>L\u2019endroit peut para\u00eetre insolite pour un festival de musique mais le centre de tir Strasbourg 65 est surtout le seul lieu \u00e0 ne pas avoir eu peur des clich\u00e9s de la techno. \u00ab\u00a0C\u2019est un milieu tr\u00e8s bienveillant, pr\u00e9cise Lo\u00efc. Chacun vient comme il veut.\u00a0\u00bb L\u2019horaire, limit\u00e9 de 14\u00a0h \u00e0 22\u00a0h\u00a030 sur les deux jours, peut surprendre \u00e9galement mais n\u2019est pas un probl\u00e8me pour Eymeric\u00a0: \u00ab\u00a0Ceux qui veulent prolonger la soir\u00e9e pourront sortir dans Strasbourg apr\u00e8s.\u00a0\u00bb BVT a aussi pu compter sur le soutien de collectifs locaux du milieu comme 31Hertz, VRij et RGT Events.<\/p>\n<p>De la techno au hardcore en passant par la schranz, Bon Vieux Temps pr\u00e9pare un voyage musical crescendo partant des 120 BPM pour atteindre les 200 BPM en fin de soir\u00e9e. Les quinze DJ (dont cinq de BVT) se produisent sur une sc\u00e8ne unique orn\u00e9e de d\u00e9cors sp\u00e9cialement concoct\u00e9s par l\u2019association. \u00ab\u00a0C\u2019est une de nos forces de pouvoir tout faire nous-m\u00eames. \u00c7a nous permet de r\u00e9duire les co\u00fbts\u00a0\u00bb, ajoute Benjamin.<\/p>\n<p>C\u2019est d\u2019ailleurs gr\u00e2ce \u00e0 cela que le prix d\u2019entr\u00e9e est limit\u00e9 \u00e0 8\u00a0euros la journ\u00e9e et 14\u00a0euros les deux. \u00ab\u00a0La popularit\u00e9 de la techno a explos\u00e9 ces derniers temps, notamment avec les r\u00e9seaux sociaux, les prix des soir\u00e9es avec, constate Yann. On ne veut pas que le festival soit une d\u00e9pense importante pour inclure le plus de passionn\u00e9s.\u00a0\u00bb Les festivaliers pourront d\u00e9penser leurs sous au stand de nourriture ou au bar et profiter en m\u00eame temps des ateliers cr\u00e9atifs au rythme des caissons de basse.<\/p>\n<p class=\"note\">Bon Vieux Festival, les vendredi\u00a015 et samedi 16\u00a0ao\u00fbt de 14\u00a0h \u00e0 22\u00a0h\u00a030, au centre de tir Strasbourg 65, 25 rue de Koenigshoffen, Strasbourg. 8\u00a0\u20ac un jour\/14\u00a0\u20ac pour deux jours. Billetterie en ligne\u00a0: www.helloasso.com\/associations\/bon-vieux-temps<\/p>\n","protected":false},"excerpt":{"rendered":"\u00ab\u00a0On s\u2019ennuyait un peu en soir\u00e9e techno donc on a d\u00e9cid\u00e9 d\u2019en organiser nous-m\u00eame.\u00a0\u00bb Voil\u00e0 comment un groupe&hellip;\n","protected":false},"author":2,"featured_media":301973,"comment_status":"","ping_status":"","sticky":false,"template":"","format":"standard","meta":{"footnotes":""},"categories":[2820],"tags":[1111,11,1687,2880,1777,674,3326,107,1011,27,775,1757,873,12,25,640,2879],"class_list":{"0":"post-301972","1":"post","2":"type-post","3":"status-publish","4":"format-standard","5":"has-post-thumbnail","7":"category-strasbourg","8":"tag-actu","9":"tag-actualites","10":"tag-culture-loisirs","11":"tag-edition-strasbourg","12":"tag-eu","13":"tag-europe","14":"tag-fete-locale","15":"tag-fil-info","16":"tag-fr","17":"tag-france","18":"tag-grand-est","19":"tag-insolite","20":"tag-musique","21":"tag-news","22":"tag-republique-francaise","23":"tag-strasbourg","24":"tag-strasbourg-ville"},"share_on_mastodon":{"url":"https:\/\/pubeurope.com\/@fr\/114985764382168718","error":""},"_links":{"self":[{"href":"https:\/\/www.europesays.com\/fr\/wp-json\/wp\/v2\/posts\/301972","targetHints":{"allow":["GET"]}}],"collection":[{"href":"https:\/\/www.europesays.com\/fr\/wp-json\/wp\/v2\/posts"}],"about":[{"href":"https:\/\/www.europesays.com\/fr\/wp-json\/wp\/v2\/types\/post"}],"author":[{"embeddable":true,"href":"https:\/\/www.europesays.com\/fr\/wp-json\/wp\/v2\/users\/2"}],"replies":[{"embeddable":true,"href":"https:\/\/www.europesays.com\/fr\/wp-json\/wp\/v2\/comments?post=301972"}],"version-history":[{"count":0,"href":"https:\/\/www.europesays.com\/fr\/wp-json\/wp\/v2\/posts\/301972\/revisions"}],"wp:featuredmedia":[{"embeddable":true,"href":"https:\/\/www.europesays.com\/fr\/wp-json\/wp\/v2\/media\/301973"}],"wp:attachment":[{"href":"https:\/\/www.europesays.com\/fr\/wp-json\/wp\/v2\/media?parent=301972"}],"wp:term":[{"taxonomy":"category","embeddable":true,"href":"https:\/\/www.europesays.com\/fr\/wp-json\/wp\/v2\/categories?post=301972"},{"taxonomy":"post_tag","embeddable":true,"href":"https:\/\/www.europesays.com\/fr\/wp-json\/wp\/v2\/tags?post=301972"}],"curies":[{"name":"wp","href":"https:\/\/api.w.org\/{rel}","templated":true}]}}