{"id":301990,"date":"2025-08-07T05:21:32","date_gmt":"2025-08-07T05:21:32","guid":{"rendered":"https:\/\/www.europesays.com\/fr\/301990\/"},"modified":"2025-08-07T05:21:32","modified_gmt":"2025-08-07T05:21:32","slug":"pour-son-deuxieme-match-avec-lille-olivier-giroud-soffre-un-double-france-lille","status":"publish","type":"post","link":"https:\/\/www.europesays.com\/fr\/301990\/","title":{"rendered":"Pour son deuxi\u00e8me match avec Lille, Olivier Giroud s\u2019offre un doubl\u00e9 &#8211; France &#8211; Lille"},"content":{"rendered":"<p>La saison de l\u2019Olive !<\/p>\n<p>On le croyait venu profiter de sa pr\u00e9-retraite au milieu des fricadelles et des potjevleeschs, mais non, <a target=\"_blank\" href=\"https:\/\/www.sofoot.com\/breves\/mercato-meilleur-buteur-de-lhistoire-de-lequipe-de-france-lattaquant-olivier-giroud-signe-a-lille\" rel=\"nofollow noopener\">Olivier Giroud est toujours dans la place<\/a>. Erling Haaland est un <a target=\"_blank\" href=\"https:\/\/www.sofoot.com\/breves\/erling-haaland-aime-bien-quon-laccuse-detre-un-specialiste-des-tap-in\" rel=\"nofollow noopener\">grand fan des tap-in ?<\/a> <strong>Olivier les aime \u00e9galement <a target=\"_blank\" href=\"https:\/\/www.sofoot.com\/articles\/mercato-ligue-1-larrivee-dolivier-giroud-a-lille-aurait-elle-un-sens-sportif\" rel=\"nofollow noopener\">\u00e0 l\u2019image de son premier but avec Lille<\/a> en cet apr\u00e8s-midi d\u2019ao\u00fbt.<\/strong> Plac\u00e9 au bon endroit, comme toujours, Gigi a patient\u00e9, devant les buts, attendant que H\u00e1kon Haraldsson ne lui d\u00e9livre un petit caviar devant les buts. Un pion important \u00e0 une semaine de la reprise des Lillois qui d\u00e9buteront le championnat \u00e0 Brest, le 17 ao\u00fbt prochain.<\/p>\n<blockquote class=\"twitter-tweet\" data-media-max-width=\"560\">\n<p lang=\"fr\" dir=\"ltr\">\ud83d\udd25\ud83d\udc4a Il est l\u00e0 le premier but d&rsquo;Olivier Giroud avec le LOSC ! En attaquant chevronn\u00e9 et opportuniste qu&rsquo;il est, le meilleur buteur de l&rsquo;histoire de l&rsquo;\u00e9quipe de France a ouvert le score face \u00e0 Venezia. <a target=\"_blank\" href=\"https:\/\/t.co\/QqleFh8ORd\" rel=\"nofollow\">pic.twitter.com\/QqleFh8ORd<\/a><\/p>\n<p>\u2014 RMC Sport (@RMCsport) <a target=\"_blank\" href=\"https:\/\/twitter.com\/RMCsport\/status\/1953116948608246126?ref_src=twsrc%5Etfw\" rel=\"nofollow noopener\">August 6, 2025<\/a><\/p><\/blockquote>\n<p>Il voit double<\/p>\n<p>Mais vous croyez que \u00e7a s\u2019arr\u00eatait d\u00e9j\u00e0 ? Mais non ! Un tap-in en attire toujours un autre. Cette fois-ci, c\u2019est bien l\u2019ami Thomas Meunier qui a d\u00e9livr\u00e9 un caviar dans les pieds de l\u2019ancien neuf des Bleus. <strong>Finition, dans un but \u00e0 moiti\u00e9 vide encore une fois, tout \u00e7a en premi\u00e8re mi-temps et avant de laisser sa place \u00e0 la pause.<\/strong><\/p>\n<p>Il est l\u00e0 le num\u00e9ro 9 que Manchester United attendait, et\u00a0en plus, il \u00e9tait gratuit\u2026<\/p>\n<p>\t\t\t\t\t\t\t\t\t\t<a class=\"lien-connexe\" href=\"https:\/\/www.sofoot.com\/breves\/mercato-lom-veut-desormais-zhegrova\" rel=\"nofollow noopener\" target=\"_blank\">L\u2019OM veut d\u00e9sormais Zhegrova<\/a>\t\t\t\t\t<script async src=\"https:\/\/platform.twitter.com\/widgets.js\" charset=\"utf-8\"><\/script><\/p>\n","protected":false},"excerpt":{"rendered":"La saison de l\u2019Olive ! On le croyait venu profiter de sa pr\u00e9-retraite au milieu des fricadelles et&hellip;\n","protected":false},"author":2,"featured_media":301991,"comment_status":"","ping_status":"","sticky":false,"template":"","format":"standard","meta":{"footnotes":""},"categories":[2815],"tags":[1111,47,11,61,69,65,64,1777,674,63,1011,27,811,68,66,1307,12,62,70,25,67],"class_list":{"0":"post-301990","1":"post","2":"type-post","3":"status-publish","4":"format-standard","5":"has-post-thumbnail","7":"category-lille","8":"tag-actu","9":"tag-actualite","10":"tag-actualites","11":"tag-actus-football","12":"tag-bundesliga","13":"tag-championnats-europeens","14":"tag-equipe-de-france","15":"tag-eu","16":"tag-europe","17":"tag-football","18":"tag-fr","19":"tag-france","20":"tag-hauts-de-france","21":"tag-ligua","22":"tag-ligue-1","23":"tag-lille","24":"tag-news","25":"tag-news-foot","26":"tag-premier-league","27":"tag-republique-francaise","28":"tag-serie-a"},"share_on_mastodon":{"url":"https:\/\/pubeurope.com\/@fr\/114985807648614440","error":""},"_links":{"self":[{"href":"https:\/\/www.europesays.com\/fr\/wp-json\/wp\/v2\/posts\/301990","targetHints":{"allow":["GET"]}}],"collection":[{"href":"https:\/\/www.europesays.com\/fr\/wp-json\/wp\/v2\/posts"}],"about":[{"href":"https:\/\/www.europesays.com\/fr\/wp-json\/wp\/v2\/types\/post"}],"author":[{"embeddable":true,"href":"https:\/\/www.europesays.com\/fr\/wp-json\/wp\/v2\/users\/2"}],"replies":[{"embeddable":true,"href":"https:\/\/www.europesays.com\/fr\/wp-json\/wp\/v2\/comments?post=301990"}],"version-history":[{"count":0,"href":"https:\/\/www.europesays.com\/fr\/wp-json\/wp\/v2\/posts\/301990\/revisions"}],"wp:featuredmedia":[{"embeddable":true,"href":"https:\/\/www.europesays.com\/fr\/wp-json\/wp\/v2\/media\/301991"}],"wp:attachment":[{"href":"https:\/\/www.europesays.com\/fr\/wp-json\/wp\/v2\/media?parent=301990"}],"wp:term":[{"taxonomy":"category","embeddable":true,"href":"https:\/\/www.europesays.com\/fr\/wp-json\/wp\/v2\/categories?post=301990"},{"taxonomy":"post_tag","embeddable":true,"href":"https:\/\/www.europesays.com\/fr\/wp-json\/wp\/v2\/tags?post=301990"}],"curies":[{"name":"wp","href":"https:\/\/api.w.org\/{rel}","templated":true}]}}