{"id":301993,"date":"2025-08-07T05:23:10","date_gmt":"2025-08-07T05:23:10","guid":{"rendered":"https:\/\/www.europesays.com\/fr\/301993\/"},"modified":"2025-08-07T05:23:10","modified_gmt":"2025-08-07T05:23:10","slug":"a-marseille-martine-vassal-se-prepare-a-incarner-la-droite-et-le-centre","status":"publish","type":"post","link":"https:\/\/www.europesays.com\/fr\/301993\/","title":{"rendered":"\u00e0 Marseille, Martine Vassal se pr\u00e9pare \u00e0 incarner la droite et le centre"},"content":{"rendered":"<p>La pr\u00e9sidente du conseil d\u00e9partemental et de la m\u00e9tropole d\u2019Aix-Marseille Provence aurait le soutien des R\u00e9publicains mais aussi de Renaissance d\u00e8s lors qu\u2019elle annoncera sa candidature, faisant d\u2019elle l\u2019unique candidate de la droite et du centre&#8230; ou presque.<\/p>\n<p class=\"fig-paragraph\">Officiellement,\u00a0<a href=\"http:\/\/www.lefigaro.fr\/marseille\/marseille-cinq-elus-du-groupe-de-martine-vassal-a-la-metropole-rejoignent-le-rn-20241010\" data-fig-type=\"NewsFlash\" data-gtm-custom-categorie=\"navigation\" data-gtm-custom-action=\"crossclick\" data-gtm-custom-label=\"Contextuel\" data-gtm-event=\"customEventSPE\" data-fig-domain=\"LEFIGARO\" target=\"_blank\" rel=\"noopener\">Martine Vassal\u00a0<\/a>a appuy\u00e9 sur pause, comme chaque \u00e9t\u00e9. \u00abLes cong\u00e9s, c\u2019est fait pour se reposer et pour r\u00e9fl\u00e9chir \u00e0 la rentr\u00e9e\u00bb, mart\u00e8le-t-on dans l\u2019entourage de la pr\u00e9sidente du d\u00e9partement des Bouches-du-Rh\u00f4ne et de la m\u00e9tropole d\u2019Aix-Marseille. Mais en r\u00e9alit\u00e9, l\u2019heure ne serait plus vraiment \u00e0 la r\u00e9flexion pour celle qui se pr\u00e9pare d\u00e9j\u00e0 \u00e0 la bataille des\u00a0<a href=\"http:\/\/www.lefigaro.fr\/elections\/municipales\/municipales-2026-avec-la-reforme-de-la-loi-plm-la-crainte-d-un-big-bang-politique-a-marseille-20250710\" data-fig-type=\"NewsFlash\" data-gtm-custom-categorie=\"navigation\" data-gtm-custom-action=\"crossclick\" data-gtm-custom-label=\"Contextuel\" data-gtm-event=\"customEventSPE\" data-fig-domain=\"LEFIGARO\" target=\"_blank\" rel=\"noopener\">municipales \u00e0 Marseille<\/a>. \u00abElle n\u2019h\u00e9site plus, croit savoir un cadre de la droite marseillaise. Elle va se pr\u00e9senter. Elle est pass\u00e9e par toutes les phases. Il y a eu d\u2019abord le refus, puis l\u2019h\u00e9sitation, puis l\u2019obligation. Mais maintenant, elle en a envie.\u00bb<\/p>\n<p class=\"fig-paragraph\">Depuis la<a href=\"http:\/\/www.lefigaro.fr\/politique\/maire-de-marseille-pendant-25-ans-jean-claude-gaudin-est-mort-20240520\" data-fig-type=\"NewsFlash\" data-gtm-custom-categorie=\"navigation\" data-gtm-custom-action=\"crossclick\" data-gtm-custom-label=\"Contextuel\" data-gtm-event=\"customEventSPE\" data-fig-domain=\"LEFIGARO\" target=\"_blank\" rel=\"noopener\">\u00a0mort de Jean-Claude Gaudin<\/a>, la droite, orpheline, se cherchait un chef de file pour tenter de retrouver les cl\u00e9s de la mairie, d\u00e9sormais d\u00e9tenue par l\u2019ancien socialiste\u00a0<a href=\"http:\/\/www.lefigaro.fr\/culture\/benoit-payan-et-cinq-adjoints-de-marseille-devant-la-justice-pour-injures-et-diffamation-contre-nicolas-pagnol-20250709\" data-fig-type=\"Article\" data-gtm-custom-categorie=\"navigation\" data-gtm-custom-action=\"crossclick\" data-gtm-custom-label=\"Contextuel\" data-gtm-event=\"customEventSPE\" data-fig-domain=\"LEFIGARO\" target=\"_blank\" rel=\"noopener\">Beno\u00eet Payan<\/a>.\u00a0<a href=\"http:\/\/www.lefigaro.fr\/politique\/renaud-muselier-renaissance-dominique-de-villepin-est-un-gaulliste-de-salon-20250708\" data-fig-type=\"Article\" data-gtm-custom-categorie=\"navigation\" data-gtm-custom-action=\"crossclick\" data-gtm-custom-label=\"Contextuel\" data-gtm-event=\"customEventSPE\" data-fig-domain=\"LEFIGARO\" target=\"_blank\" rel=\"noopener\">Renaud Muselier<\/a>\u00a0a jur\u00e9 ne pas vouloir du poste apr\u00e8s en avoir longtemps r\u00eav\u00e9. Le regard s\u2019est alors rapidement tourn\u00e9 vers la pr\u00e9sidente de la m\u00e9tropole et du d\u00e9partement.<\/p>\n<p class=\"fig-paragraph\">Au d\u00e9part, Martine Vassal \u00e9vitait syst\u00e9matiquement le sujet, allant jusqu\u2019\u00e0\u2026<\/p>\n<p class=\"fig-premium-paywall__infos\">\n        Cet article est r\u00e9serv\u00e9 aux abonn\u00e9s.        Il vous reste 78% \u00e0 d\u00e9couvrir.\n    <\/p>\n<p>                <img  data- alt=\"Le Figaro\" class=\"fig-img--complete fig-img\"\/><\/p>\n<p class=\"fig-premium-paywall__title\">Vous avez envie de lire la suite ?<\/p>\n<p class=\"fig-premium-paywall__subtitle\">D\u00e9bloquez tous les articles imm\u00e9diatement.<\/p>\n<p class=\"fig-premium-paywall__connect\">\n                D\u00e9j\u00e0 abonn\u00e9\u00a0?                <a class=\"fig-premium-paywall__connect-link\" href=\"https:\/\/connect.lefigaro.fr\/login?client=horizon_web&amp;type=main&amp;redirect_uri=https%3A%2F%2Fwww.lefigaro.fr%2Felections%2Fmunicipales%2Fmunicipales-2026-a-marseille-martine-vassal-se-prepare-a-incarner-la-droite-et-le-centre-20250807\" data-js-gtm=\"{&quot;customCategorie&quot;: &quot;conversion&quot;, &quot;customAction&quot;: &quot;before_Landing_Connexion_paywall_manuel&quot;, &quot;customLabel&quot;: &quot;bGVmaWdhcm8uZnJfXzFmMDcyYmY1LTI3ODItNmU5Mi05MWFiLWE3NGM0ODQyMjA0OF9fTmV3c0ZsYXNo_Municipales 2026\u00a0: \u00e0 Marseille, Martine Vassal se pr\u00e9pare \u00e0 incarner la droite et le centre_75&quot;, &quot;customIDSPE&quot;: &quot;bGVmaWdhcm8uZnJfXzFmMDcyYmY1LTI3ODItNmU5Mi05MWFiLWE3NGM0ODQyMjA0OF9fTmV3c0ZsYXNo&quot;, &quot;event&quot;: &quot;customEventSPE&quot;}\" target=\"_blank\" rel=\"noopener\"><br \/>\n                    Connectez-vous<br \/>\n                <\/a>\n            <\/p>\n","protected":false},"excerpt":{"rendered":"La pr\u00e9sidente du conseil d\u00e9partemental et de la m\u00e9tropole d\u2019Aix-Marseille Provence aurait le soutien des R\u00e9publicains mais aussi&hellip;\n","protected":false},"author":2,"featured_media":301994,"comment_status":"","ping_status":"","sticky":false,"template":"","format":"standard","meta":{"footnotes":""},"categories":[2814],"tags":[1111,11,24324,1777,674,1011,27,884,21363,3554,12,882,6697,25],"class_list":{"0":"post-301993","1":"post","2":"type-post","3":"status-publish","4":"format-standard","5":"has-post-thumbnail","7":"category-marseille","8":"tag-actu","9":"tag-actualites","10":"tag-candidatures","11":"tag-eu","12":"tag-europe","13":"tag-fr","14":"tag-france","15":"tag-marseille","16":"tag-martine-vassal","17":"tag-municipales","18":"tag-news","19":"tag-provence-alpes-cote-dazur","20":"tag-renaud-muselier","21":"tag-republique-francaise"},"share_on_mastodon":{"url":"https:\/\/pubeurope.com\/@fr\/114985815531429863","error":""},"_links":{"self":[{"href":"https:\/\/www.europesays.com\/fr\/wp-json\/wp\/v2\/posts\/301993","targetHints":{"allow":["GET"]}}],"collection":[{"href":"https:\/\/www.europesays.com\/fr\/wp-json\/wp\/v2\/posts"}],"about":[{"href":"https:\/\/www.europesays.com\/fr\/wp-json\/wp\/v2\/types\/post"}],"author":[{"embeddable":true,"href":"https:\/\/www.europesays.com\/fr\/wp-json\/wp\/v2\/users\/2"}],"replies":[{"embeddable":true,"href":"https:\/\/www.europesays.com\/fr\/wp-json\/wp\/v2\/comments?post=301993"}],"version-history":[{"count":0,"href":"https:\/\/www.europesays.com\/fr\/wp-json\/wp\/v2\/posts\/301993\/revisions"}],"wp:featuredmedia":[{"embeddable":true,"href":"https:\/\/www.europesays.com\/fr\/wp-json\/wp\/v2\/media\/301994"}],"wp:attachment":[{"href":"https:\/\/www.europesays.com\/fr\/wp-json\/wp\/v2\/media?parent=301993"}],"wp:term":[{"taxonomy":"category","embeddable":true,"href":"https:\/\/www.europesays.com\/fr\/wp-json\/wp\/v2\/categories?post=301993"},{"taxonomy":"post_tag","embeddable":true,"href":"https:\/\/www.europesays.com\/fr\/wp-json\/wp\/v2\/tags?post=301993"}],"curies":[{"name":"wp","href":"https:\/\/api.w.org\/{rel}","templated":true}]}}