{"id":301996,"date":"2025-08-07T05:25:14","date_gmt":"2025-08-07T05:25:14","guid":{"rendered":"https:\/\/www.europesays.com\/fr\/301996\/"},"modified":"2025-08-07T05:25:14","modified_gmt":"2025-08-07T05:25:14","slug":"isere-projet-de-tram-cremieu-lyon-vous-pourrez-dire-ce-que-vous-en-pensez","status":"publish","type":"post","link":"https:\/\/www.europesays.com\/fr\/301996\/","title":{"rendered":"Is\u00e8re. Projet de tram Cr\u00e9mieu\/Lyon\u00a0: vous pourrez dire ce que vous en pensez"},"content":{"rendered":"<p>Les habitants du Grand Est lyonnais l\u2019attendent depuis plusieurs d\u00e9cennies. Au mois de f\u00e9vrier, ils ont enfin eu l\u2019assurance de la R\u00e9gion Auvergne-Rh\u00f4ne-Alpes que le prolongement de la ligne existante entre Lyon et Meyzieu (T3), op\u00e9r\u00e9e par Sytral Mobilit\u00e9s, irait bien jusqu\u2019\u00e0 Cr\u00e9mieu (Is\u00e8re) via Pusignan, Janneyrias, Charvieu Petit Prince, Charvieu centre, Tignieu coll\u00e8ge et Cr\u00e9mieu\/Villemoirieu.<\/p>\n<p>Rallier la Part-Dieu \u00e0 Cr\u00e9mieu en une heure, avec un tram toutes les 15 minutes en heure de pointe, telle est la promesse.<\/p>\n<p>Sur l\u2019emprise de l\u2019ancien chemin de fer de l\u2019Est lyonnais<\/p>\n<p><a href=\"https:\/\/www.leprogres.fr\/Annonce\/AvisAdministratif\/Rhone\/LYON-2\/Le-Progres\/AVIS-D-INFORMATION-LIAISON-CREMIEU-LYON-PAR-MEYZIEU.html\" target=\"_blank\" rel=\"noopener\">L\u2019avis d\u2019information<\/a> publi\u00e9 par la R\u00e9gion Auvergne-Rh\u00f4ne-Alpes, fin juillet, dans nos colonnes, faisant part du lancement d\u2019une concertation du 12\u00a0novembre au 14\u00a0d\u00e9cembre 2025,&#8230;<\/p>\n","protected":false},"excerpt":{"rendered":"Les habitants du Grand Est lyonnais l\u2019attendent depuis plusieurs d\u00e9cennies. Au mois de f\u00e9vrier, ils ont enfin eu&hellip;\n","protected":false},"author":2,"featured_media":301997,"comment_status":"","ping_status":"","sticky":false,"template":"","format":"standard","meta":{"footnotes":""},"categories":[1889],"tags":[1111,11,2430,16267,3152,2757,1777,674,107,1011,27,25831,2428,2756,12497,12,21445,39947,25,2429,44212,2803],"class_list":{"0":"post-301996","1":"post","2":"type-post","3":"status-publish","4":"format-standard","5":"has-post-thumbnail","7":"category-lyon","8":"tag-actu","9":"tag-actualites","10":"tag-auvergne-rhone-alpes","11":"tag-charvieu-chavagneux","12":"tag-edition-est-lyonnais","13":"tag-edition-lyon-villeurbanne","14":"tag-eu","15":"tag-europe","16":"tag-fil-info","17":"tag-fr","18":"tag-france","19":"tag-janneyrias","20":"tag-lyon","21":"tag-lyon-bassin","22":"tag-meyzieu","23":"tag-news","24":"tag-nord-isere","25":"tag-pusignan","26":"tag-republique-francaise","27":"tag-rhone","28":"tag-tignieu-jameyzieu","29":"tag-transport"},"share_on_mastodon":{"url":"https:\/\/pubeurope.com\/@fr\/114985823416704158","error":""},"_links":{"self":[{"href":"https:\/\/www.europesays.com\/fr\/wp-json\/wp\/v2\/posts\/301996","targetHints":{"allow":["GET"]}}],"collection":[{"href":"https:\/\/www.europesays.com\/fr\/wp-json\/wp\/v2\/posts"}],"about":[{"href":"https:\/\/www.europesays.com\/fr\/wp-json\/wp\/v2\/types\/post"}],"author":[{"embeddable":true,"href":"https:\/\/www.europesays.com\/fr\/wp-json\/wp\/v2\/users\/2"}],"replies":[{"embeddable":true,"href":"https:\/\/www.europesays.com\/fr\/wp-json\/wp\/v2\/comments?post=301996"}],"version-history":[{"count":0,"href":"https:\/\/www.europesays.com\/fr\/wp-json\/wp\/v2\/posts\/301996\/revisions"}],"wp:featuredmedia":[{"embeddable":true,"href":"https:\/\/www.europesays.com\/fr\/wp-json\/wp\/v2\/media\/301997"}],"wp:attachment":[{"href":"https:\/\/www.europesays.com\/fr\/wp-json\/wp\/v2\/media?parent=301996"}],"wp:term":[{"taxonomy":"category","embeddable":true,"href":"https:\/\/www.europesays.com\/fr\/wp-json\/wp\/v2\/categories?post=301996"},{"taxonomy":"post_tag","embeddable":true,"href":"https:\/\/www.europesays.com\/fr\/wp-json\/wp\/v2\/tags?post=301996"}],"curies":[{"name":"wp","href":"https:\/\/api.w.org\/{rel}","templated":true}]}}