{"id":302021,"date":"2025-08-07T05:38:09","date_gmt":"2025-08-07T05:38:09","guid":{"rendered":"https:\/\/www.europesays.com\/fr\/302021\/"},"modified":"2025-08-07T05:38:09","modified_gmt":"2025-08-07T05:38:09","slug":"hausse-effective-pour-lue-les-puces-taxees-a-100-les-derniers-rebondissements-a-washington","status":"publish","type":"post","link":"https:\/\/www.europesays.com\/fr\/302021\/","title":{"rendered":"Hausse effective pour l\u2019UE, les puces tax\u00e9es \u00e0 100\u00a0%\u2026 Les derniers rebondissements \u00e0 Washington"},"content":{"rendered":"<p>Les nouvelles surtaxes, fiert\u00e9 de <a href=\"https:\/\/www.20minutes.fr\/dossier\/donald_trump\" target=\"_blank\" class=\"color-ultramarine c-link\" rel=\"noopener\">Donald Trump<\/a>, sont entr\u00e9es en vigueur \u00e0 5 heures et une minute ce jeudi matin. Elles viennent remplacer, pour les \u00e9conomies concern\u00e9es, celle de 10\u00a0% appliqu\u00e9e depuis avril sur quasiment tous les produits entrant aux <a href=\"https:\/\/www.20minutes.fr\/monde\/etats-unis\/\" target=\"_blank\" class=\"color-ultramarine c-link\" rel=\"noopener\">Etats-Unis<\/a>.<\/p>\n<p>Il s\u2019agit, selon le pr\u00e9sident am\u00e9ricain, de r\u00e9\u00e9quilibrer les \u00e9changes entre les Etats-Unis et ses partenaires, qui \u00ab\u00a0profitent\u00a0\u00bb d\u2019apr\u00e8s lui de la premi\u00e8re puissance \u00e9conomique.<\/p>\n<\/p>\n<p>\u00ab\u00a0Il est minuit\u00a0!!! Des milliards de dollars de droits de douane affluent maintenant vers les Etats-Unis d\u2019Am\u00e9rique\u00a0\u00bb, a-t-il claironn\u00e9 sur son r\u00e9seau Truth Social quelques minutes apr\u00e8s l\u2019\u00e9ch\u00e9ance.<\/p>\n<p>Les principaux partenaires \u00e9conomiques des Etats-Unis tax\u00e9s<\/p>\n<p>Ces nouveaux <a href=\"https:\/\/www.20minutes.fr\/economie\/droits-douane-americains\/\" target=\"_blank\" class=\"color-ultramarine c-link\" rel=\"noopener\">droits de douane<\/a> se situent dans une large fourchette, comprise entre 15\u00a0% et 41\u00a0%. L\u2019<a href=\"https:\/\/www.20minutes.fr\/dossier\/ue\" target=\"_blank\" class=\"color-ultramarine c-link\" rel=\"noopener\">Union europ\u00e9enne<\/a> (UE), le <a href=\"https:\/\/www.20minutes.fr\/dossier\/japon\" target=\"_blank\" class=\"color-ultramarine c-link\" rel=\"noopener\">Japon<\/a> ou la <a href=\"https:\/\/www.20minutes.fr\/dossier\/coree_du_sud\" target=\"_blank\" class=\"color-ultramarine c-link\" rel=\"noopener\">Cor\u00e9e du Sud<\/a>, qui comptent parmi les principaux partenaires commerciaux des Etats-Unis, sont d\u00e9sormais concern\u00e9s par un taux d\u2019au moins 15\u00a0%.<\/p>\n<p>Avant l\u2019entr\u00e9e en vigueur de ces nouvelles taxes, le taux effectif moyen appliqu\u00e9 aux produits entrant dans le pays \u00e9tait de 18,4\u00a0%, le plus \u00e9lev\u00e9 depuis\u00a01933, selon le centre de recherche Budget Lab de l\u2019Universit\u00e9 Yale.<\/p>\n<p>Cette hausse suppl\u00e9mentaire devrait porter ce taux \u00e0 pr\u00e8s de 20\u00a0%, selon les analystes de Pantheon Macroeconomics. Cela en ferait le plus \u00e9lev\u00e9 depuis le d\u00e9but des ann\u00e9es\u00a01930, selon le Budget Lab.<\/p>\n<p>Vers des taxes \u00e0 100\u00a0%<\/p>\n<p>Et de nouvelles annonces devraient suivre, puisque le locataire de la Maison Blanche souhaite \u00e9galement taxer les produits pharmaceutiques et les semi-conducteurs import\u00e9s. Ces derniers, ainsi que les puces, devraient se voir appliquer une taxe de 100\u00a0%, a-t-il pr\u00e9cis\u00e9 mercredi, sans plus de d\u00e9tails.<\/p>\n<p><a href=\"https:\/\/www.20minutes.fr\/economie\/droits-douane-americains\/\" target=\"_blank\" class=\"c-link c-btn c-btn--primary\" rel=\"noopener\">Tous nos articles sur les droits de douane<\/a><\/p>\n<p>Certains pays, \u00e0 l\u2019image de la Suisse, ont tent\u00e9 jusqu\u2019au dernier moment de faire \u00e9voluer le taux qui leur a \u00e9t\u00e9 affect\u00e9, la Conf\u00e9d\u00e9ration envoyant \u00e0 <a href=\"https:\/\/www.20minutes.fr\/dossier\/washington\" target=\"_blank\" class=\"color-ultramarine c-link\" rel=\"noopener\">Washington<\/a> sa pr\u00e9sidente, Karin Keller-Sutter, et son ministre de l\u2019Economie, Guy Parmelin.<\/p>\n<p>Pour l\u2019heure, alors que le gouvernement am\u00e9ricain assurait que \u00ab\u00a0des dizaines d\u2019accords\u00a0\u00bb seraient sign\u00e9s ces derniers mois, tout juste sept se sont mat\u00e9rialis\u00e9s, notamment ceux avec l\u2019Union europ\u00e9enne, le Japon ou le <a href=\"https:\/\/www.20minutes.fr\/monde\/royaume-uni\/\" target=\"_blank\" class=\"color-ultramarine c-link\" rel=\"noopener\">Royaume-Uni<\/a>. Il s\u2019agit le plus souvent de pr\u00e9accords, devant \u00eatre formalis\u00e9s, accompagn\u00e9s de promesses d\u2019investissements massifs aux Etats-Unis de la part des pays ou blocs concern\u00e9s.<\/p>\n<p>Entre exemption et fermet\u00e9<\/p>\n<p>Rare exception, le <a href=\"https:\/\/www.20minutes.fr\/dossier\/mexique\" target=\"_blank\" class=\"color-ultramarine c-link\" rel=\"noopener\">Mexique<\/a> a \u00e9chapp\u00e9 aux nouvelles hausses. En revanche, l\u2019heure n\u2019est pas \u00e0 la d\u00e9tente avec le <a href=\"https:\/\/www.20minutes.fr\/dossier\/canada\" target=\"_blank\" class=\"color-ultramarine c-link\" rel=\"noopener\">Canada<\/a>, qui a vu le 1er\u00a0ao\u00fbt augmenter la surtaxe appliqu\u00e9e sur ses produits, \u00e0 35\u00a0%. L\u2019administration Trump se montre particuli\u00e8rement ferme avec certains pays.<\/p>\n<p>Donald Trump a ainsi sign\u00e9 la semaine derni\u00e8re un d\u00e9cret imposant 50\u00a0% de surtaxe douani\u00e8re au <a href=\"https:\/\/www.20minutes.fr\/magazine\/france-bresil-mag\/\" target=\"_blank\" class=\"color-ultramarine c-link\" rel=\"noopener\">Br\u00e9sil<\/a>, entr\u00e9 en vigueur mercredi. L\u00e0 encore, les nombreuses exceptions font que moins de 35\u00a0% des produits sont concern\u00e9s, selon Brasilia.<\/p>\n<p>L\u2019<a href=\"https:\/\/www.20minutes.fr\/dossier\/inde\" target=\"_blank\" class=\"color-ultramarine c-link\" rel=\"noopener\">Inde<\/a> doit composer avec des droits de douane de 25\u00a0%, qui passeront dans trois semaines \u00e0 50\u00a0% sur un certain nombre de produits, Donald Trump reprochant \u00e0 New Delhi le manque d\u2019ouverture de son \u00e9conomie et ses achats de p\u00e9trole russe sous sanction.<\/p>\n","protected":false},"excerpt":{"rendered":"Les nouvelles surtaxes, fiert\u00e9 de Donald Trump, sont entr\u00e9es en vigueur \u00e0 5 heures et une minute ce&hellip;\n","protected":false},"author":2,"featured_media":302022,"comment_status":"","ping_status":"","sticky":false,"template":"","format":"standard","meta":{"footnotes":""},"categories":[1586],"tags":[47,11,5640,75,33742,33,73,1777,674,1779,1011,27,2070,12,25,1778,364,555],"class_list":{"0":"post-302021","1":"post","2":"type-post","3":"status-publish","4":"format-standard","5":"has-post-thumbnail","7":"category-europe","8":"tag-actualite","9":"tag-actualites","10":"tag-coree-du-sud","11":"tag-donald-trump","12":"tag-droits-de-douane-americains","13":"tag-economie","14":"tag-etats-unis","15":"tag-eu","16":"tag-europe","17":"tag-european-union","18":"tag-fr","19":"tag-france","20":"tag-japon","21":"tag-news","22":"tag-republique-francaise","23":"tag-ue","24":"tag-union-europeenne","25":"tag-union-europeenne-ue"},"share_on_mastodon":{"url":"","error":""},"_links":{"self":[{"href":"https:\/\/www.europesays.com\/fr\/wp-json\/wp\/v2\/posts\/302021","targetHints":{"allow":["GET"]}}],"collection":[{"href":"https:\/\/www.europesays.com\/fr\/wp-json\/wp\/v2\/posts"}],"about":[{"href":"https:\/\/www.europesays.com\/fr\/wp-json\/wp\/v2\/types\/post"}],"author":[{"embeddable":true,"href":"https:\/\/www.europesays.com\/fr\/wp-json\/wp\/v2\/users\/2"}],"replies":[{"embeddable":true,"href":"https:\/\/www.europesays.com\/fr\/wp-json\/wp\/v2\/comments?post=302021"}],"version-history":[{"count":0,"href":"https:\/\/www.europesays.com\/fr\/wp-json\/wp\/v2\/posts\/302021\/revisions"}],"wp:featuredmedia":[{"embeddable":true,"href":"https:\/\/www.europesays.com\/fr\/wp-json\/wp\/v2\/media\/302022"}],"wp:attachment":[{"href":"https:\/\/www.europesays.com\/fr\/wp-json\/wp\/v2\/media?parent=302021"}],"wp:term":[{"taxonomy":"category","embeddable":true,"href":"https:\/\/www.europesays.com\/fr\/wp-json\/wp\/v2\/categories?post=302021"},{"taxonomy":"post_tag","embeddable":true,"href":"https:\/\/www.europesays.com\/fr\/wp-json\/wp\/v2\/tags?post=302021"}],"curies":[{"name":"wp","href":"https:\/\/api.w.org\/{rel}","templated":true}]}}