{"id":302025,"date":"2025-08-07T05:40:11","date_gmt":"2025-08-07T05:40:11","guid":{"rendered":"https:\/\/www.europesays.com\/fr\/302025\/"},"modified":"2025-08-07T05:40:11","modified_gmt":"2025-08-07T05:40:11","slug":"nouvelle-cyberattaque-contre-bouygues-telecom-les-donnees-de-nombreux-clients-volees","status":"publish","type":"post","link":"https:\/\/www.europesays.com\/fr\/302025\/","title":{"rendered":"Nouvelle cyberattaque contre Bouygues Telecom, les donn\u00e9es de nombreux clients vol\u00e9es"},"content":{"rendered":"<p>Bouygues Telecom a \u00e9t\u00e9 victime d\u2019une cyberattaque de grande ampleur. L\u2019op\u00e9rateur a pr\u00e9venu ses clients qu\u2019un tiers a pu acc\u00e9der \u00e0 \u00ab\u00a0certaines informations personnelles\u00a0\u00bb, parmi lesquelles des coordonn\u00e9es ou les num\u00e9ros IBAN. Heureusement, les informations bancaires ne sont pas concern\u00e9es.<\/p>\n<p>Une fois de plus, un op\u00e9rateur fran\u00e7ais a \u00e9t\u00e9 victime d\u2019une cyberattaque\u00a0: apr\u00e8s <a href=\"https:\/\/www.01net.com\/actualites\/hack-sfr-donnees-bancaires-abonnes-piratees.html\" target=\"_blank\" rel=\"noopener\">SFR<\/a>, <a href=\"https:\/\/www.01net.com\/actualites\/cyberattaque-free-on-sait-enfin-ce-quil-est-passe.html\" target=\"_blank\" rel=\"noopener\">Free Mobile<\/a> et <a href=\"https:\/\/www.01net.com\/actualites\/cyberattaque-chez-orange-loperateur-porte-plainte-remise-en-route-des-services-prevue-demain.html\" target=\"_blank\" rel=\"noopener\">Orange<\/a>, c\u2019est au tour de <strong>Bouygues Telecom<\/strong> d\u2019accuser le coup. D\u2019apr\u00e8s le courrier envoy\u00e9 par l\u2019entreprise \u00e0 ses clients, un attaquant a acc\u00e9d\u00e9 le 4 ao\u00fbt \u00e0 des informations personnelles \u00ab\u00a0associ\u00e9es \u00e0 certains abonnements Bouygues Telecom\u00a0\u00bb. 6,4 millions de comptes clients sont concern\u00e9s.<\/p>\n<p> Des millions de clients contact\u00e9s <\/p>\n<p>Ces informations vol\u00e9es comprennent les coordonn\u00e9es, les donn\u00e9es contractuelles, les donn\u00e9es d\u2019\u00e9tat civil (ou celles de l\u2019entreprise si le client est un professionnel), ainsi que l\u2019IBAN. L\u2019op\u00e9rateur assure que les num\u00e9ros de cartes bancaires et les mots de passe des comptes ne sont pas impact\u00e9s, ce qui est un soulagement.<\/p>\n<p>L\u2019incident a \u00e9t\u00e9 r\u00e9solu, explique l\u2019entreprise. Les clients ont \u00e9t\u00e9 pr\u00e9venus \u00ab\u00a0dans les plus brefs d\u00e9lais\u00a0\u00bb, et Bouygues Telecom a port\u00e9 plainte aupr\u00e8s des autorit\u00e9s judiciaires, sans oublier d\u2019informer la Cnil. L\u2019op\u00e9rateur rappelle que les auteurs d\u2019un tel d\u00e9lit s\u2019expose \u00e0 5 ans de prison et 150\u00a0000 euros d\u2019amendes.<\/p>\n<p>Comme toujours dans ce genre de cas, la victime \u2014 ici Bouygues Telecom \u2014 joue la prudence et donne peu de d\u00e9tails. Ce n\u2019est pas la premi\u00e8re fois, et probablement pas la derni\u00e8re, pour l\u2019op\u00e9rateur qui avait \u00e9t\u00e9 <a href=\"https:\/\/www.01net.com\/actualites\/pourquoi-la-cyberattaque-contre-sfr-et-bouygues-etait-hors-norme-1973362.html\" target=\"_blank\" rel=\"noopener\">frapp\u00e9 par une cyberattaque<\/a> en 2020 \u00e9galement.<\/p>\n<blockquote>\n<p class=\"text-base text-neutral-700 dark:text-neutral-300\">\ud83d\udd34 Pour ne manquer aucune actualit\u00e9 de 01net, suivez-nous sur <a href=\"https:\/\/news.google.com\/publications\/CAAqBwgKMJPsvAswoIfUAw?hl=fr&amp;gl=FR&amp;ceid=FR%3Afr\" target=\"_blank\" rel=\"noopener\">Google Actualit\u00e9s<\/a> et <a href=\"https:\/\/whatsapp.com\/channel\/0029VaH5gKg6xCSG9nQQhQ1Z\" target=\"_blank\" rel=\"noopener\">WhatsApp<\/a>.<\/p>\n<\/blockquote>\n<p class=\"post-source\">\n            Source :<br \/>\n            <a href=\"https:\/\/x.com\/_saxx_\/status\/1953147893956636803\" target=\"_blank\"><br \/>\n              Saxx<br \/>\n            <\/a>\n          <\/p>\n","protected":false},"excerpt":{"rendered":"Bouygues Telecom a \u00e9t\u00e9 victime d\u2019une cyberattaque de grande ampleur. L\u2019op\u00e9rateur a pr\u00e9venu ses clients qu\u2019un tiers a&hellip;\n","protected":false},"author":2,"featured_media":302026,"comment_status":"","ping_status":"","sticky":false,"template":"","format":"standard","meta":{"footnotes":""},"categories":[2],"tags":[11,17402,1011,27,12,25],"class_list":{"0":"post-302025","1":"post","2":"type-post","3":"status-publish","4":"format-standard","5":"has-post-thumbnail","7":"category-actualites","8":"tag-actualites","9":"tag-bouygues-telecom","10":"tag-fr","11":"tag-france","12":"tag-news","13":"tag-republique-francaise"},"share_on_mastodon":{"url":"https:\/\/pubeurope.com\/@fr\/114985882380689918","error":""},"_links":{"self":[{"href":"https:\/\/www.europesays.com\/fr\/wp-json\/wp\/v2\/posts\/302025","targetHints":{"allow":["GET"]}}],"collection":[{"href":"https:\/\/www.europesays.com\/fr\/wp-json\/wp\/v2\/posts"}],"about":[{"href":"https:\/\/www.europesays.com\/fr\/wp-json\/wp\/v2\/types\/post"}],"author":[{"embeddable":true,"href":"https:\/\/www.europesays.com\/fr\/wp-json\/wp\/v2\/users\/2"}],"replies":[{"embeddable":true,"href":"https:\/\/www.europesays.com\/fr\/wp-json\/wp\/v2\/comments?post=302025"}],"version-history":[{"count":0,"href":"https:\/\/www.europesays.com\/fr\/wp-json\/wp\/v2\/posts\/302025\/revisions"}],"wp:featuredmedia":[{"embeddable":true,"href":"https:\/\/www.europesays.com\/fr\/wp-json\/wp\/v2\/media\/302026"}],"wp:attachment":[{"href":"https:\/\/www.europesays.com\/fr\/wp-json\/wp\/v2\/media?parent=302025"}],"wp:term":[{"taxonomy":"category","embeddable":true,"href":"https:\/\/www.europesays.com\/fr\/wp-json\/wp\/v2\/categories?post=302025"},{"taxonomy":"post_tag","embeddable":true,"href":"https:\/\/www.europesays.com\/fr\/wp-json\/wp\/v2\/tags?post=302025"}],"curies":[{"name":"wp","href":"https:\/\/api.w.org\/{rel}","templated":true}]}}