{"id":302029,"date":"2025-08-07T05:44:12","date_gmt":"2025-08-07T05:44:12","guid":{"rendered":"https:\/\/www.europesays.com\/fr\/302029\/"},"modified":"2025-08-07T05:44:12","modified_gmt":"2025-08-07T05:44:12","slug":"patrick-tuifua-le-talent-venu-du-bout-du-monde-debarque-a-toulon","status":"publish","type":"post","link":"https:\/\/www.europesays.com\/fr\/302029\/","title":{"rendered":"Patrick Tuifua, le talent venu du bout du monde, d\u00e9barque \u00e0 Toulon"},"content":{"rendered":"\n<p>Patrick Tuifua, le talent venu du bout du monde, d\u00e9barque \u00e0 Toulon<\/p>\n<p>Parti pour rester en Nouvelle-Z\u00e9lande et essayer d&rsquo;y faire carri\u00e8re, Patrick Tuifua a finalement rejoint Toulon cet \u00e9t\u00e9. Dix-huit mois apr\u00e8s des d\u00e9buts remarqu\u00e9s avec l&rsquo;\u00e9quipe de France des moins de 20\u00a0ans, le jeune troisi\u00e8me-ligne n\u00e9o-cal\u00e9donien esp\u00e8re d\u00e9sormais avoir sa chance en Top 14.<\/p>\n","protected":false},"excerpt":{"rendered":"Patrick Tuifua, le talent venu du bout du monde, d\u00e9barque \u00e0 Toulon Parti pour rester en Nouvelle-Z\u00e9lande et&hellip;\n","protected":false},"author":2,"featured_media":302030,"comment_status":"","ping_status":"","sticky":false,"template":"","format":"standard","meta":{"footnotes":""},"categories":[1416],"tags":[1011,27,479,1468,60],"class_list":{"0":"post-302029","1":"post","2":"type-post","3":"status-publish","4":"format-standard","5":"has-post-thumbnail","7":"category-rugby","8":"tag-fr","9":"tag-france","10":"tag-rugby","11":"tag-rugby-football","12":"tag-sports"},"share_on_mastodon":{"url":"https:\/\/pubeurope.com\/@fr\/114985898051253528","error":""},"_links":{"self":[{"href":"https:\/\/www.europesays.com\/fr\/wp-json\/wp\/v2\/posts\/302029","targetHints":{"allow":["GET"]}}],"collection":[{"href":"https:\/\/www.europesays.com\/fr\/wp-json\/wp\/v2\/posts"}],"about":[{"href":"https:\/\/www.europesays.com\/fr\/wp-json\/wp\/v2\/types\/post"}],"author":[{"embeddable":true,"href":"https:\/\/www.europesays.com\/fr\/wp-json\/wp\/v2\/users\/2"}],"replies":[{"embeddable":true,"href":"https:\/\/www.europesays.com\/fr\/wp-json\/wp\/v2\/comments?post=302029"}],"version-history":[{"count":0,"href":"https:\/\/www.europesays.com\/fr\/wp-json\/wp\/v2\/posts\/302029\/revisions"}],"wp:featuredmedia":[{"embeddable":true,"href":"https:\/\/www.europesays.com\/fr\/wp-json\/wp\/v2\/media\/302030"}],"wp:attachment":[{"href":"https:\/\/www.europesays.com\/fr\/wp-json\/wp\/v2\/media?parent=302029"}],"wp:term":[{"taxonomy":"category","embeddable":true,"href":"https:\/\/www.europesays.com\/fr\/wp-json\/wp\/v2\/categories?post=302029"},{"taxonomy":"post_tag","embeddable":true,"href":"https:\/\/www.europesays.com\/fr\/wp-json\/wp\/v2\/tags?post=302029"}],"curies":[{"name":"wp","href":"https:\/\/api.w.org\/{rel}","templated":true}]}}