{"id":302040,"date":"2025-08-07T05:51:13","date_gmt":"2025-08-07T05:51:13","guid":{"rendered":"https:\/\/www.europesays.com\/fr\/302040\/"},"modified":"2025-08-07T05:51:13","modified_gmt":"2025-08-07T05:51:13","slug":"la-mere-de-brad-pitt-jane-etta-pitt-est-morte-a-lage-de-84-ans-2","status":"publish","type":"post","link":"https:\/\/www.europesays.com\/fr\/302040\/","title":{"rendered":"La m\u00e8re de Brad Pitt, Jane Etta Pitt, est morte \u00e0 l\u2019\u00e2ge de 84 ans"},"content":{"rendered":"<p>Elle avait 84 ans, 24 ann\u00e9es de plus que sa star de fils, qui a souffl\u00e9 ses soixante et une bougies le 18 d\u00e9cembre 2024. La m\u00e8re de <a data-i13n=\"cpos:1;pos:1\" href=\"https:\/\/www.parismatch.com\/bio\/brad-pitt?page=11\" rel=\"nofollow noopener\" target=\"_blank\" data-ylk=\"slk:Brad Pitt;cpos:1;pos:1;elm:context_link;itc:0;sec:content-canvas\" class=\"link \">Brad Pitt<\/a> est morte \u00e0 l\u2019\u00e2ge de 84 ans \u00ab il y a un ou deux jours \u00bb, d\u2019apr\u00e8s les sources qui ont transmis la triste nouvelle \u00e0 la presse am\u00e9ricaine, information confirm\u00e9e par sa petite fille et ni\u00e8ce de l\u2019acteur, Sydney Pitt, sans que les causes de don d\u00e9c\u00e8s soient pr\u00e9cis\u00e9es.<\/p>\n<p>\u00ab Ma ch\u00e8re grand-m\u00e8re, Jane Etta, nous n\u2019\u00e9tions pas encore pr\u00eats \u00e0 te voir partir, mais savoir que tu es enfin libre de chanter, de danser et de peindre \u00e0 nouveau rend les choses un peu plus faciles \u00bb \u00e9crit la fille du fr\u00e8re de Brad, Doug, <a data-i13n=\"cpos:2;pos:1\" href=\"https:\/\/www.instagram.com\/p\/DNBFZZGMxdo\/?hl=fr&amp;img_index=1\" rel=\"nofollow noopener\" target=\"_blank\" data-ylk=\"slk:sur Instagram;cpos:2;pos:1;elm:context_link;itc:0;sec:content-canvas\" class=\"link \">sur Instagram<\/a>.<\/p>\n<p>Elle dresse un portrait \u00e9logieux de sa grand-m\u00e8re, femme de talent et de c\u0153ur : \u00ab Elle se souciait profond\u00e9ment de tout et de chacun, sans poser de questions. Elle m\u2019a appris \u00e0 peindre, \u00e0 \u00eatre forte, \u00e0 diriger avec bienveillance, \u00e0 aimer J\u00e9sus en toutes choses et \u00e0 trouver la joie dans les plus petites choses. Elle inventait les jeux les plus idiots juste pour nous faire rire, et elle croyait en l\u2019\u00e9quit\u00e9, en la priorit\u00e9 accord\u00e9e aux autres et en faire le bien simplement parce que c\u2019\u00e9tait la bonne chose \u00e0 faire. \u00bb<\/p>\n<p>Tr\u00e8s proche de son a\u00efeule, mari\u00e9e \u00e0 William Pitt et grand-m\u00e8re de 14 petits enfants, elle publie plusieurs photos touchantes la montrant en sa compagnie, lors de moment de tendresse, de d\u00e9tente et de complicit\u00e9 : \u00ab Je ne sais pas comment nous avancerons sans elle. Mais je sais qu\u2019elle est toujours l\u00e0, dans ch&#8230;<\/p>\n<p><a data-i13n=\"cpos:3;pos:1\" href=\"https:\/\/www.parismatch.com\/People\/la-mere-de-brad-pitt-jane-etta-pitt-est-morte-a-lage-de-84-ans-255290?at_medium=affiliate&amp;at_campaign=Yahoo\" rel=\"nofollow noopener\" target=\"_blank\" data-ylk=\"slk:Lire la suite sur ParisMatch;cpos:3;pos:1;elm:context_link;itc:0;sec:content-canvas\" class=\"link \">Lire la suite sur ParisMatch<\/a><\/p>\n<p><script async src=\"\/\/www.instagram.com\/embed.js\"><\/script><\/p>\n","protected":false},"excerpt":{"rendered":"Elle avait 84 ans, 24 ann\u00e9es de plus que sa star de fils, qui a souffl\u00e9 ses soixante&hellip;\n","protected":false},"author":2,"featured_media":302041,"comment_status":"","ping_status":"","sticky":false,"template":"","format":"standard","meta":{"footnotes":""},"categories":[1359],"tags":[1764,2134,58,59,1011,27,17600,44213,973],"class_list":{"0":"post-302040","1":"post","2":"type-post","3":"status-publish","4":"format-standard","5":"has-post-thumbnail","7":"category-people","8":"tag-ans","9":"tag-brad-pitt","10":"tag-divertissement","11":"tag-entertainment","12":"tag-fr","13":"tag-france","14":"tag-grand-mere","15":"tag-jane-etta","16":"tag-people"},"share_on_mastodon":{"url":"https:\/\/pubeurope.com\/@fr\/114985925506688206","error":""},"_links":{"self":[{"href":"https:\/\/www.europesays.com\/fr\/wp-json\/wp\/v2\/posts\/302040","targetHints":{"allow":["GET"]}}],"collection":[{"href":"https:\/\/www.europesays.com\/fr\/wp-json\/wp\/v2\/posts"}],"about":[{"href":"https:\/\/www.europesays.com\/fr\/wp-json\/wp\/v2\/types\/post"}],"author":[{"embeddable":true,"href":"https:\/\/www.europesays.com\/fr\/wp-json\/wp\/v2\/users\/2"}],"replies":[{"embeddable":true,"href":"https:\/\/www.europesays.com\/fr\/wp-json\/wp\/v2\/comments?post=302040"}],"version-history":[{"count":0,"href":"https:\/\/www.europesays.com\/fr\/wp-json\/wp\/v2\/posts\/302040\/revisions"}],"wp:featuredmedia":[{"embeddable":true,"href":"https:\/\/www.europesays.com\/fr\/wp-json\/wp\/v2\/media\/302041"}],"wp:attachment":[{"href":"https:\/\/www.europesays.com\/fr\/wp-json\/wp\/v2\/media?parent=302040"}],"wp:term":[{"taxonomy":"category","embeddable":true,"href":"https:\/\/www.europesays.com\/fr\/wp-json\/wp\/v2\/categories?post=302040"},{"taxonomy":"post_tag","embeddable":true,"href":"https:\/\/www.europesays.com\/fr\/wp-json\/wp\/v2\/tags?post=302040"}],"curies":[{"name":"wp","href":"https:\/\/api.w.org\/{rel}","templated":true}]}}