{"id":302042,"date":"2025-08-07T05:53:17","date_gmt":"2025-08-07T05:53:17","guid":{"rendered":"https:\/\/www.europesays.com\/fr\/302042\/"},"modified":"2025-08-07T05:53:17","modified_gmt":"2025-08-07T05:53:17","slug":"a-livre-ouvert-4-6-un-samedi-matin-avec-les-grands-enfants-de-la-bibliotheque-de-helfrantzkirch","status":"publish","type":"post","link":"https:\/\/www.europesays.com\/fr\/302042\/","title":{"rendered":"\u00c0 livre ouvert (4\/6). Un samedi matin avec les grands enfants de la biblioth\u00e8que de Helfrantzkirch"},"content":{"rendered":"<p>                            D\u2019une biblioth\u00e8que scolaire \u00e0 une biblioth\u00e8que municipale<\/p>\n<p>La biblioth\u00e8que de Helfrantzkirch c\u00e9l\u00e9brera ses 30 ans en 2026. Il s\u2019agissait au commencement d\u2019une biblioth\u00e8que scolaire, cr\u00e9\u00e9e sous l\u2019impulsion de la directrice de l\u2019\u00e9cole, Annyflore Soria, de parents d\u2019\u00e9l\u00e8ves et d\u2019usagers.<\/p>\n<p>Elle a \u00e9t\u00e9 un temps h\u00e9berg\u00e9e dans la salle polyvalente de la commune avant de s\u2019installer, il y a de \u00e7a une bonne vingtaine d\u2019ann\u00e9es, \u00e0 l\u2019\u00e9tage de l\u2019\u00e9cole. Soit une salle principale et une autre modulaire, d\u00e9pendant du nombre de classes et des besoins en p\u00e9riode scolaire. Ce qui serait suffisant pour le public de la structure.<\/p>\n<p>Surtout, cette biblioth\u00e8que municipale est g\u00e9r\u00e9e et anim\u00e9e par une association, \u00c0 livre ouvert \u2013 toute ressemblance avec&#8230;<\/p>\n","protected":false},"excerpt":{"rendered":"D\u2019une biblioth\u00e8que scolaire \u00e0 une biblioth\u00e8que municipale La biblioth\u00e8que de Helfrantzkirch c\u00e9l\u00e9brera ses 30 ans en 2026. Il&hellip;\n","protected":false},"author":2,"featured_media":302043,"comment_status":"","ping_status":"","sticky":false,"template":"","format":"standard","meta":{"footnotes":""},"categories":[1357],"tags":[1379,1687,58,13971,59,107,1011,27,44214,330,6225,1380,2410,10265,44215,41407,104,1631],"class_list":{"0":"post-302042","1":"post","2":"type-post","3":"status-publish","4":"format-standard","5":"has-post-thumbnail","7":"category-livres","8":"tag-books","9":"tag-culture-loisirs","10":"tag-divertissement","11":"tag-edition-sundgau-trois-frontieres","12":"tag-entertainment","13":"tag-fil-info","14":"tag-fr","15":"tag-france","16":"tag-helfrantzkirch","17":"tag-jeux","18":"tag-la-matinale","19":"tag-livres","20":"tag-livres-bd","21":"tag-loto","22":"tag-secteur-de-sierentz","23":"tag-serie-dete","24":"tag-societe","25":"tag-vie-associative"},"share_on_mastodon":{"url":"https:\/\/pubeurope.com\/@fr\/114985933485608862","error":""},"_links":{"self":[{"href":"https:\/\/www.europesays.com\/fr\/wp-json\/wp\/v2\/posts\/302042","targetHints":{"allow":["GET"]}}],"collection":[{"href":"https:\/\/www.europesays.com\/fr\/wp-json\/wp\/v2\/posts"}],"about":[{"href":"https:\/\/www.europesays.com\/fr\/wp-json\/wp\/v2\/types\/post"}],"author":[{"embeddable":true,"href":"https:\/\/www.europesays.com\/fr\/wp-json\/wp\/v2\/users\/2"}],"replies":[{"embeddable":true,"href":"https:\/\/www.europesays.com\/fr\/wp-json\/wp\/v2\/comments?post=302042"}],"version-history":[{"count":0,"href":"https:\/\/www.europesays.com\/fr\/wp-json\/wp\/v2\/posts\/302042\/revisions"}],"wp:featuredmedia":[{"embeddable":true,"href":"https:\/\/www.europesays.com\/fr\/wp-json\/wp\/v2\/media\/302043"}],"wp:attachment":[{"href":"https:\/\/www.europesays.com\/fr\/wp-json\/wp\/v2\/media?parent=302042"}],"wp:term":[{"taxonomy":"category","embeddable":true,"href":"https:\/\/www.europesays.com\/fr\/wp-json\/wp\/v2\/categories?post=302042"},{"taxonomy":"post_tag","embeddable":true,"href":"https:\/\/www.europesays.com\/fr\/wp-json\/wp\/v2\/tags?post=302042"}],"curies":[{"name":"wp","href":"https:\/\/api.w.org\/{rel}","templated":true}]}}