{"id":302044,"date":"2025-08-07T05:54:10","date_gmt":"2025-08-07T05:54:10","guid":{"rendered":"https:\/\/www.europesays.com\/fr\/302044\/"},"modified":"2025-08-07T05:54:10","modified_gmt":"2025-08-07T05:54:10","slug":"en-direct-meteo-cinq-departements-places-en-alerte-orange-des-demain-en-raison-dune-nouvelle-vague-de-chaleur-sur-la-france-et-des-temperatures-de-40-c-attendues","status":"publish","type":"post","link":"https:\/\/www.europesays.com\/fr\/302044\/","title":{"rendered":"EN DIRECT &#8211; M\u00e9t\u00e9o &#8211; Cinq d\u00e9partements plac\u00e9s en alerte orange d\u00e8s demain en raison dune nouvelle vague de chaleur sur la France et des temp\u00e9ratures de 40 \u00b0C attendues"},"content":{"rendered":"<p><strong>07h00: C&rsquo;est demain, que la vague de chaleur annonc\u00e9e devrait touch\u00e9e la France.\u00a05 d\u00e9partements ont \u00e9t\u00e9 plac\u00e9s, ce jeudi matin, en vigilance orange\u00a0canicule\u00a0\u00e0 partir de vendredi midi par M\u00e9t\u00e9o France. Il s\u2019agit du Tarn, du Tarn-et-Garonne, de la Haute-Garonne, des Hautes-Pyr\u00e9n\u00e9es et du Rh\u00f4ne :\u00a0<\/strong><\/p>\n<p>\u00c0 partir de ce jeudi, les temp\u00e9ratures afficheront une hausse g\u00e9n\u00e9ralis\u00e9e, pr\u00e9mices d\u2019un \u00e9pisode caniculaire qui d\u00e9butera vendredi sur le Sud-Ouest et le Centre-Est.\u00a0<\/p>\n<p>Le thermom\u00e8tre pourrait atteindre, vendredi apr\u00e8s-midi, jusqu\u2019\u00e0 40 \u00b0C localement dans le quart sud-ouest du pays et de 35 \u00e0 37 \u00b0C dans le Centre-Est.<\/p>\n<p>Cette liste de d\u00e9partement en vigilance orange devrait s\u2019\u00e9largir ces prochains jours, en raison de la remont\u00e9e d\u2019air chaud en provenance de l\u2019Afrique du Nord. \u00ab Les tr\u00e8s fortes chaleurs pourraient ainsi temporairement concerner les r\u00e9gions au nord de la Loire, tandis qu\u2019il pourrait encore faire tr\u00e8s chaud sur le sud.<\/p>\n<p>Le pic de chaleur pourrait ainsi \u00eatre atteint \u00e0 l\u2019\u00e9chelle nationale en d\u00e9but de semaine \u00bb.<\/p>\n<p>.<\/p>\n<p><img loading=\"lazy\" decoding=\"async\" src=\"https:\/\/www.europesays.com\/fr\/wp-content\/uploads\/2025\/08\/gxuivhzw8aayshp.jpg\" width=\"1200\" height=\"628\"\/><\/p>\n<p>\u00a0.<\/p>\n<p><strong>06h00 : Il va faire tr\u00e8s chaud aujourd&rsquo;hui encore.\u00a0On attend 30 \u00e0 35 degr\u00e9s du Centre-Ouest \u00e0 la Bourgogne-Franche-Comt\u00e9 et souvent 33 \u00e0 37 degr\u00e9s sur les r\u00e9gions du sud avec des pointes \u00e0 36\/38 dans l&rsquo;ouest de l&rsquo;Occitanie.<\/strong>\u00a0Les conditions restent anticycloniques en journ\u00e9e et le soleil r\u00e8gne sur la France.<\/p>\n<p>Des nuages peuvent toutefois lui partager le ciel par moments pr\u00e8s des c\u00f4tes de la Manche et sur la pointe bretonne. Quelques cumulus se d\u00e9veloppent \u00e9galement l&rsquo;apr\u00e8s-midi sur les Pyr\u00e9n\u00e9es.<\/p>\n<p>En fin d&rsquo;apr\u00e8s-midi et surtout en soir\u00e9e, le ciel se charge sur les r\u00e9gions proches des c\u00f4tes de Manche, avec quelques rares ond\u00e9es possibles. Le vent est g\u00e9n\u00e9ralement faible. Il tourne au secteur sud autour de la M\u00e9diterran\u00e9e et sud-est en soir\u00e9e dans le domaine de l&rsquo;autan, apportant des entr\u00e9es maritimes sur le littoral du Languedoc-Roussillon.<\/p>\n<p>Si les temp\u00e9ratures sont encore fra\u00eeches au lever du jour, notamment sur une grande moiti\u00e9 nord du pays, avec de 8 \u00e0 14 degr\u00e9s, elles remontent rapidement pour atteindre l&rsquo;apr\u00e8s-midi 25 \u00e0 29 degr\u00e9s, localement 30 degr\u00e9s de l&rsquo;est Bretagne au bassin parisien et au Grand-Est.\u00a0<\/p>\n","protected":false},"excerpt":{"rendered":"07h00: C&rsquo;est demain, que la vague de chaleur annonc\u00e9e devrait touch\u00e9e la France.\u00a05 d\u00e9partements ont \u00e9t\u00e9 plac\u00e9s, ce&hellip;\n","protected":false},"author":2,"featured_media":302045,"comment_status":"","ping_status":"","sticky":false,"template":"","format":"standard","meta":{"footnotes":""},"categories":[1356],"tags":[44217,6698,58,59,1011,27,4904,252,44216,1364],"class_list":{"0":"post-302044","1":"post","2":"type-post","3":"status-publish","4":"format-standard","5":"has-post-thumbnail","7":"category-television","8":"tag-alerte-mu00e9tu00e9o","9":"tag-canicule","10":"tag-divertissement","11":"tag-entertainment","12":"tag-fr","13":"tag-france","14":"tag-soleil","15":"tag-television","16":"tag-tempu00e9rature","17":"tag-tv"},"share_on_mastodon":{"url":"https:\/\/pubeurope.com\/@fr\/114985937460897063","error":""},"_links":{"self":[{"href":"https:\/\/www.europesays.com\/fr\/wp-json\/wp\/v2\/posts\/302044","targetHints":{"allow":["GET"]}}],"collection":[{"href":"https:\/\/www.europesays.com\/fr\/wp-json\/wp\/v2\/posts"}],"about":[{"href":"https:\/\/www.europesays.com\/fr\/wp-json\/wp\/v2\/types\/post"}],"author":[{"embeddable":true,"href":"https:\/\/www.europesays.com\/fr\/wp-json\/wp\/v2\/users\/2"}],"replies":[{"embeddable":true,"href":"https:\/\/www.europesays.com\/fr\/wp-json\/wp\/v2\/comments?post=302044"}],"version-history":[{"count":0,"href":"https:\/\/www.europesays.com\/fr\/wp-json\/wp\/v2\/posts\/302044\/revisions"}],"wp:featuredmedia":[{"embeddable":true,"href":"https:\/\/www.europesays.com\/fr\/wp-json\/wp\/v2\/media\/302045"}],"wp:attachment":[{"href":"https:\/\/www.europesays.com\/fr\/wp-json\/wp\/v2\/media?parent=302044"}],"wp:term":[{"taxonomy":"category","embeddable":true,"href":"https:\/\/www.europesays.com\/fr\/wp-json\/wp\/v2\/categories?post=302044"},{"taxonomy":"post_tag","embeddable":true,"href":"https:\/\/www.europesays.com\/fr\/wp-json\/wp\/v2\/tags?post=302044"}],"curies":[{"name":"wp","href":"https:\/\/api.w.org\/{rel}","templated":true}]}}