{"id":302048,"date":"2025-08-07T05:56:30","date_gmt":"2025-08-07T05:56:30","guid":{"rendered":"https:\/\/www.europesays.com\/fr\/302048\/"},"modified":"2025-08-07T05:56:30","modified_gmt":"2025-08-07T05:56:30","slug":"ya-pas-de-reseau-une-bien-pauvre-copie-de-maman-jai-rate-lavion","status":"publish","type":"post","link":"https:\/\/www.europesays.com\/fr\/302048\/","title":{"rendered":"Y&rsquo;a pas de r\u00e9seau\u00a0\u00bb\u00a0: une bien pauvre copie de \u00ab\u00a0Maman j&rsquo;ai rat\u00e9 l&rsquo;avion"},"content":{"rendered":"<p class=\"ap-StoryElement ap-StoryElement--mb js-paywall-target ap-StoryText\">Le hasard faisant mal les choses, ils filment deux bandits complotistes, \u00ab\u00a0aussi dangereux que d\u00e9biles\u00a0\u00bb, en train de faire sauter un pyl\u00f4ne de communication. Bien d\u00e9cid\u00e9s \u00e0 r\u00e9cup\u00e9rer la carte m\u00e9moire avec les images de leur m\u00e9fait, les deux malfrats prennent d&rsquo;assaut la propri\u00e9t\u00e9 d\u00e9sert\u00e9e par les parents, partis \u00e0 la recherche de leur prog\u00e9niture. Pour Jonas et Gabi, il faut rapidement organiser la d\u00e9fense pour les emp\u00eacher d&rsquo;arriver \u00e0 leurs fins.<\/p>\n<p>Blagues scatologiques ou au premier degr\u00e9<\/p>\n<p class=\"ap-StoryElement ap-StoryElement--mb ap-StoryText\">Tourn\u00e9 au premier degr\u00e9, avec quelques blagues scatologiques destin\u00e9es \u00e0 faire rire uniquement les plus petits, Y&rsquo;a pas de r\u00e9seau force le trait en permanence, avec des chutes, des casseroles sur la t\u00eate, des plong\u00e9es dans la cuvette des WC et des r\u00e9flexions dignes des pires \u00e9missions de t\u00e9l\u00e9-r\u00e9alit\u00e9. Pour ne rien arranger, Maxime Gasteuil en fait des tonnes en d\u00e9c\u00e9r\u00e9br\u00e9 inculte aux c\u00f4t\u00e9s d&rsquo;un <a href=\"https:\/\/www.lalibre.be\/culture\/2025\/08\/05\/gerard-jugnot-je-serais-tellement-peinard-dans-une-residence-seniors-a-jouer-au-scrabble-KS4AUN735FHQBDAMM2IHDCUXGE\/\" target=\"_blank\" rel=\"nofollow noopener\">G\u00e9rard Jugnot<\/a> qui semble se demander ce qu&rsquo;il fait l\u00e0, m\u00eame s&rsquo;il ne verse pas non plus dans la sobri\u00e9t\u00e9.<\/p>\n<p><a href=\"https:\/\/www.lalibre.be\/culture\/2025\/08\/05\/gerard-jugnot-je-serais-tellement-peinard-dans-une-residence-seniors-a-jouer-au-scrabble-KS4AUN735FHQBDAMM2IHDCUXGE\/\" target=\"_blank\" rel=\"noopener noreferrer nofollow\" class=\"ap-StoryInterstitialLink ap-StoryElement ap-StoryElement--mb\">G\u00e9rard Jugnot: \u00ab\u00a0J&rsquo;ai l&rsquo;habitude de dire en plaisantant que parfois faire des films avec les m\u00f4mes, \u00e7a fr\u00f4le le cin\u00e9ma animalier !\u00a0\u00bb<\/a><\/p>\n<p class=\"ap-StoryElement ap-StoryElement--mb ap-StoryText\">\u00c0 l&rsquo;instar des gags, le sc\u00e9nario se retrouve aux abonn\u00e9s absents. Tout y est cousu non pas de fil blanc, mais d&rsquo;\u00e9normes cordes. Finalement, seul l&rsquo;ours (pas du tout) sauvage s&rsquo;en tire honorablement. Un vrai jeu de massacre qui ne s&rsquo;adresse vraiment qu&rsquo;aux amateurs de pantalonnades surjou\u00e9es du style tarte \u00e0 la cr\u00e8me comme Maman j&rsquo;ai rat\u00e9 l&rsquo;avion. Les autres peuvent d\u00e9j\u00e0 commencer \u00e0 fuir ce d\u00e9sastre balourd dont la principale qualit\u00e9 est de ne durer que 80 minutes.<\/p>\n<p><img loading=\"lazy\" decoding=\"async\" class=\"w-full lazyload lazyload--opacity object-contain\" style=\"aspect-ratio:74 \/ 100;opacity:1\" alt=\"Y'a pas de r\u00e9seau d'Edouard Pluvieux, avec G\u00e9rard Jugnot\" width=\"768\" height=\"1041\" fetchpriority=\"auto\" src=\"https:\/\/www.europesays.com\/fr\/wp-content\/uploads\/2025\/04\/S5VKD3X55FFF3BW6V4SEHXNP7I.png\"  data- data-optimumx=\"1\"\/> \u00a9Vertigo<\/p>\n<p class=\"ap-StoryElement ap-StoryElement--mb ap-StoryText\"><b>Y&rsquo;a pas de r\u00e9seau<\/b> Com\u00e9die <b>De<\/b> Edouard Pluvieux <b>Sc\u00e9nario<\/b> \u00c9douard Pluvieux et Olivier Ducray <b>Photographie<\/b> Julien Hirsch <b>Musique<\/b> Alexis Rault <b>Avec<\/b> G\u00e9rard Jugnot, Maxime Gasteuil et Manon Azem&#8230; Dur\u00e9e 1h20<\/p>\n","protected":false},"excerpt":{"rendered":"Le hasard faisant mal les choses, ils filment deux bandits complotistes, \u00ab\u00a0aussi dangereux que d\u00e9biles\u00a0\u00bb, en train de&hellip;\n","protected":false},"author":2,"featured_media":302049,"comment_status":"","ping_status":"","sticky":false,"template":"","format":"standard","meta":{"footnotes":"","_share_on_mastodon":"0"},"categories":[1354],"tags":[650,4228,58,59,1346,1011,27,15633,41680,40874,1360],"class_list":["post-302048","post","type-post","status-publish","format-standard","has-post-thumbnail","category-films","tag-cinema","tag-comedie","tag-divertissement","tag-entertainment","tag-films","tag-fr","tag-france","tag-gerard-jugnot","tag-manon-azem","tag-maxime-gasteuil","tag-movies"],"share_on_mastodon":{"url":"https:\/\/pubeurope.com\/@fr\/114985945361512235","error":""},"_links":{"self":[{"href":"https:\/\/www.europesays.com\/fr\/wp-json\/wp\/v2\/posts\/302048","targetHints":{"allow":["GET"]}}],"collection":[{"href":"https:\/\/www.europesays.com\/fr\/wp-json\/wp\/v2\/posts"}],"about":[{"href":"https:\/\/www.europesays.com\/fr\/wp-json\/wp\/v2\/types\/post"}],"author":[{"embeddable":true,"href":"https:\/\/www.europesays.com\/fr\/wp-json\/wp\/v2\/users\/2"}],"replies":[{"embeddable":true,"href":"https:\/\/www.europesays.com\/fr\/wp-json\/wp\/v2\/comments?post=302048"}],"version-history":[{"count":0,"href":"https:\/\/www.europesays.com\/fr\/wp-json\/wp\/v2\/posts\/302048\/revisions"}],"wp:featuredmedia":[{"embeddable":true,"href":"https:\/\/www.europesays.com\/fr\/wp-json\/wp\/v2\/media\/302049"}],"wp:attachment":[{"href":"https:\/\/www.europesays.com\/fr\/wp-json\/wp\/v2\/media?parent=302048"}],"wp:term":[{"taxonomy":"category","embeddable":true,"href":"https:\/\/www.europesays.com\/fr\/wp-json\/wp\/v2\/categories?post=302048"},{"taxonomy":"post_tag","embeddable":true,"href":"https:\/\/www.europesays.com\/fr\/wp-json\/wp\/v2\/tags?post=302048"}],"curies":[{"name":"wp","href":"https:\/\/api.w.org\/{rel}","templated":true}]}}