{"id":302050,"date":"2025-08-07T05:57:16","date_gmt":"2025-08-07T05:57:16","guid":{"rendered":"https:\/\/www.europesays.com\/fr\/302050\/"},"modified":"2025-08-07T05:57:16","modified_gmt":"2025-08-07T05:57:16","slug":"une-nouvelle-demoustication-dans-les-secteurs-dobernai-et-erstein","status":"publish","type":"post","link":"https:\/\/www.europesays.com\/fr\/302050\/","title":{"rendered":"une nouvelle d\u00e9moustication dans les secteurs d\u2019Obernai et Erstein"},"content":{"rendered":"<p>L\u2019Agence r\u00e9gionale de sant\u00e9 (ARS) du Grand Est fait \u00e9tat de cas de Zika et de dengue <a href=\"https:\/\/www.dna.fr\/environnement\/2025\/06\/13\/moustique-tigre-sa-presence-a-encore-double-en-un-an-22-communes-desormais-colonisees\" target=\"_blank\" rel=\"noopener\">identifi\u00e9s \u00e0 Obernai<\/a> et Erstein chez des personnes ayant s\u00e9journ\u00e9 dans des pays tropicaux o\u00f9 ces maladies sont pr\u00e9sentes. Par cons\u00e9quent, des <a href=\"https:\/\/www.dna.fr\/sante\/2025\/07\/29\/operation-de-demoustication-a-strasbourg-et-truchtersheim-apres-la-decouverte-d-un-cas-de-zika\" target=\"_blank\" rel=\"noopener\">op\u00e9rations de d\u00e9moustication<\/a>, pour d\u00e9truire et <a href=\"https:\/\/www.dna.fr\/environnement\/2025\/07\/01\/operation-de-traitement-contre-le-moustique-tigre-apres-un-cas-de-dengue-a-colmar\" target=\"_blank\" rel=\"noopener\">emp\u00eacher la prolif\u00e9ration des moustiques tigres<\/a>, potentiellement porteurs des maladies, sont programm\u00e9es pour la nuit du jeudi\u00a07 au vendredi 8\u00a0ao\u00fbt dans des quartiers d\u2019Obernai et Erstein. Si les conditions m\u00e9t\u00e9orologiques le permettent, \u00e9videmment.<\/p>\n<p>Les enqu\u00eates men\u00e9es par les autorit\u00e9s sanitaires ont en effet permis d\u2019identifier des zones fr\u00e9quent\u00e9es par ces personnes durant la p\u00e9riode de vir\u00e9mie (dur\u00e9e pendant laquelle le virus est pr\u00e9sent dans leur sang, avec le risque qu\u2019elles soient piqu\u00e9es alors par un moustique qui pourrait contaminer d\u2019autres personnes en les piquant \u00e0 leur tour).<\/p>\n<p>Les r\u00e9sidents des secteurs concern\u00e9s ont \u00e9t\u00e9 alert\u00e9s par les autorit\u00e9s sanitaires. Ils ont \u00e9t\u00e9 inform\u00e9s des pr\u00e9cautions \u00e0 prendre (demeurer \u00e0 l\u2019int\u00e9rieur des b\u00e2timents pendant le traitement, fermer les fen\u00eatres, rincer \u00e0 l\u2019eau le mobilier de jardin, rentrer les gamelles des animaux domestiques\u00a0etc.).<\/p>\n<p>  Des maladies de la famille des arboviroses<\/p>\n<p>Dengue et Zika, comme le chikungunya, sont des arboviroses, transmises \u00e0 l\u2019homme par des moustiques infect\u00e9s du genre aedes , appel\u00e9s \u00e9galement moustiques tigres. Zika peut \u00e9galement, dans certains cas, se transmettre par voie sexuelle ou par transfusion sanguine.<\/p>\n<p>Les sympt\u00f4mes les plus fr\u00e9quents sont une forte fi\u00e8vre, des maux de t\u00eate, des courbatures, des naus\u00e9es, des douleurs musculaires et articulaires, de la fatigue et des \u00e9ruptions cutan\u00e9es. La plupart des malades de la dengue ont des sympt\u00f4mes l\u00e9gers et se r\u00e9tablissent en une ou deux semaines. Parfois, ils peuvent d\u00e9velopper une forme plus s\u00e9v\u00e8re n\u00e9cessitant une hospitalisation.<\/p>\n<p>Pour Zika, les troubles sont mod\u00e9r\u00e9s, l\u2019\u00e9volution est souvent rapidement favorable, avec gu\u00e9rison en deux \u00e0 sept jours. Cependant, l\u2019infection peut causer des complications neurologiques et des anomalies cong\u00e9nitales si elle est contract\u00e9e durant la grossesse.<\/p>\n","protected":false},"excerpt":{"rendered":"L\u2019Agence r\u00e9gionale de sant\u00e9 (ARS) du Grand Est fait \u00e9tat de cas de Zika et de dengue identifi\u00e9s&hellip;\n","protected":false},"author":2,"featured_media":302051,"comment_status":"","ping_status":"","sticky":false,"template":"","format":"standard","meta":{"footnotes":""},"categories":[10],"tags":[2389,1867,2649,24625,3143,436,19151,107,1011,27,72,30980,25862,71,19152,3142,104],"class_list":{"0":"post-302050","1":"post","2":"type-post","3":"status-publish","4":"format-standard","5":"has-post-thumbnail","7":"category-sante","8":"tag-alsace","9":"tag-animaux","10":"tag-bas-rhin","11":"tag-edition-molsheim-obernai","12":"tag-edition-selestat-erstein","13":"tag-environnement","14":"tag-erstein","15":"tag-fil-info","16":"tag-fr","17":"tag-france","18":"tag-health","19":"tag-obernai","20":"tag-obernai-rosheim","21":"tag-sante","22":"tag-secteur-derstein","23":"tag-secteur-de-selestat","24":"tag-societe"},"share_on_mastodon":{"url":"https:\/\/pubeurope.com\/@fr\/114985949156322203","error":""},"_links":{"self":[{"href":"https:\/\/www.europesays.com\/fr\/wp-json\/wp\/v2\/posts\/302050","targetHints":{"allow":["GET"]}}],"collection":[{"href":"https:\/\/www.europesays.com\/fr\/wp-json\/wp\/v2\/posts"}],"about":[{"href":"https:\/\/www.europesays.com\/fr\/wp-json\/wp\/v2\/types\/post"}],"author":[{"embeddable":true,"href":"https:\/\/www.europesays.com\/fr\/wp-json\/wp\/v2\/users\/2"}],"replies":[{"embeddable":true,"href":"https:\/\/www.europesays.com\/fr\/wp-json\/wp\/v2\/comments?post=302050"}],"version-history":[{"count":0,"href":"https:\/\/www.europesays.com\/fr\/wp-json\/wp\/v2\/posts\/302050\/revisions"}],"wp:featuredmedia":[{"embeddable":true,"href":"https:\/\/www.europesays.com\/fr\/wp-json\/wp\/v2\/media\/302051"}],"wp:attachment":[{"href":"https:\/\/www.europesays.com\/fr\/wp-json\/wp\/v2\/media?parent=302050"}],"wp:term":[{"taxonomy":"category","embeddable":true,"href":"https:\/\/www.europesays.com\/fr\/wp-json\/wp\/v2\/categories?post=302050"},{"taxonomy":"post_tag","embeddable":true,"href":"https:\/\/www.europesays.com\/fr\/wp-json\/wp\/v2\/tags?post=302050"}],"curies":[{"name":"wp","href":"https:\/\/api.w.org\/{rel}","templated":true}]}}