{"id":302054,"date":"2025-08-07T05:59:16","date_gmt":"2025-08-07T05:59:16","guid":{"rendered":"https:\/\/www.europesays.com\/fr\/302054\/"},"modified":"2025-08-07T05:59:16","modified_gmt":"2025-08-07T05:59:16","slug":"mis-aux-encheres-le-sabre-de-dark-vador-pourrait-se-vendre-jusqua-trois-millions-de-dollars","status":"publish","type":"post","link":"https:\/\/www.europesays.com\/fr\/302054\/","title":{"rendered":"Mis aux ench\u00e8res, le sabre de Dark Vador pourrait se vendre jusqu\u2019\u00e0 trois millions de dollars"},"content":{"rendered":"<p>Cet objet culte du cin\u00e9ma sera mis \u00e0 la vente \u00e0 Los Angeles en septembre prochain tout comme d\u2019autres pi\u00e8ces qui pourraient faire grimper les ench\u00e8res.<\/p>\n<p class=\"fig-paragraph\">Le c\u00e9l\u00e8bre\u00a0<a href=\"http:\/\/www.lefigaro.fr\/culture\/encheres\/l-un-des-sabres-laser-originaux-de-dark-vador-mis-aux-encheres-a-un-prix-fou-20250720\" data-fig-type=\"Article\" data-gtm-custom-categorie=\"navigation\" data-gtm-custom-action=\"crossclick\" data-gtm-custom-label=\"Contextuel\" data-gtm-event=\"customEventSPE\" data-fig-domain=\"LEFIGARO\" target=\"_blank\" rel=\"noopener\">sabre laser de Dark Vador<\/a>, qui a servi \u00e0 couper la main de Luke Skywalker dans l&rsquo;\u00e9pisode de Star Wars \u00abL&rsquo;Empire contre-attaque\u00a0\u00bb, a \u00e9t\u00e9 expos\u00e9 mercredi \u00e0 Londres, avant d&rsquo;\u00eatre mis aux ench\u00e8res \u00e0 Los Angeles d\u00e9but septembre. Ce \u00abSaint Graal\u00bb risque de co\u00fbter un bras \u00e0 son futur acqu\u00e9reur\u00a0: il est estim\u00e9 jusqu&rsquo;\u00e0 trois millions de dollars (2,6 millions d&rsquo;euros). \u00abC&rsquo;est tout simplement une pi\u00e8ce incroyable de l&rsquo;histoire du cin\u00e9ma\u00bb, d\u00e9clare \u00e0 l&rsquo;AFP Brandon Alinger, directeur des op\u00e9rations de la maison de ventes Propstore, lors d&rsquo;une pr\u00e9sentation \u00e0 Londres des lots les plus importants de la vente.<\/p>\n<p class=\"fig-paragraph\">L&rsquo;arme a \u00e9t\u00e9 mani\u00e9e par Dark Vador lors de l\u00e9gendaires sc\u00e8nes de combat dans L&rsquo;Empire contre-attaque (1980) et Le Retour du Jedi (1983). David Prowse, l&rsquo;acteur derri\u00e8re le masque noir, et le cascadeur Bob Anderson utilisaient en r\u00e9alit\u00e9 deux mod\u00e8les. L&rsquo;un, sans lame, attach\u00e9 \u00e0 la ceinture du m\u00e9chant, et l&rsquo;autre, pour les sc\u00e8nes de combat, dot\u00e9 d&rsquo;une lame en bois. C&rsquo;est la version utilis\u00e9e pour les combats, mais d\u00e9pourvue de sa lame en bois, qui est mise en vente, apr\u00e8s avoir \u00e9t\u00e9 conserv\u00e9e pendant 40 ans par un particulier am\u00e9ricain.<\/p>\n<p>                                    <a class=\"fig-a11y-skip a11y-hidden\" href=\"#fig-a11y-skip-main-inarticle\"><br \/>\n        Passer la publicit\u00e9<br \/>\n    <\/a><\/p>\n<p>D\u2019autres objets embl\u00e9matiques du cin\u00e9ma expos\u00e9s<\/p>\n<p class=\"fig-paragraph\">\u00abQuelqu&rsquo;un (&#8230;) est venu nous voir et nous a dit\u00a0: \u201cJ&rsquo;ai \u00e7a \u00e0 vendre\u201d. Nous \u00e9tions stup\u00e9faits\u00a0\u00bb, a expliqu\u00e9 le fondateur de Propstore, Stephen Lane, comparant l&rsquo;importance de cette pi\u00e8ce \u00e0 celle des\u00a0<a href=\"http:\/\/www.lefigaro.fr\/cinema\/les-souliers-rouges-du-magicien-d-oz-estimes-2-8-millions-d-euros-mis-aux-encheres-20241127\" data-fig-type=\"NewsFlash\" data-gtm-custom-categorie=\"navigation\" data-gtm-custom-action=\"crossclick\" data-gtm-custom-label=\"Contextuel\" data-gtm-event=\"customEventSPE\" data-fig-domain=\"LEFIGARO\" target=\"_blank\" rel=\"noopener\">souliers rouges port\u00e9s<\/a>\u00a0par Judy Garland dans Le Magicien d&rsquo;Oz. Les experts ont authentifi\u00e9 l&rsquo;objet en comparant ses bosses et rayures \u00e0 celles visibles dans les films. \u00abRegardez la grosse bosse \u00e0 l&rsquo;arri\u00e8re, elle vient probablement de la lame du sabre laser de (l&rsquo;acteur de Luke Skywalker) Mark Hamill\u00bb, explique Brandon Alinger.<\/p>\n<p class=\"fig-paragraph\">Malgr\u00e9 sa valeur, l&rsquo;objet est constitu\u00e9 d&rsquo;une partie d&rsquo;un ancien flash d&rsquo;appareil photo, auquel ont \u00e9t\u00e9 ajout\u00e9es des pi\u00e8ces de r\u00e9cup\u00e9ration, issues notamment d&rsquo;une calculatrice. Parmi les autres pi\u00e8ces propos\u00e9es lors de cette vente aux ench\u00e8res qui se tiendra du 4 au 6 septembre, figurent le fouet, la ceinture et l&rsquo;\u00e9tui utilis\u00e9s par Harrison Ford dans Indiana Jones et la Derni\u00e8re Croisade (1989). Mais aussi un \u00abneuralyzer\u00a0\u00bb utilis\u00e9 par les agents J (Will Smith) et K (Tommy Lee Jones) pour effacer la m\u00e9moire dans Men in Black (1997). L&rsquo;objet lumineux, dont l&rsquo;affichage LED fonctionne encore, pourrait atteindre 150.000 dollars (environ 129.700 euros)<\/p>\n","protected":false},"excerpt":{"rendered":"Cet objet culte du cin\u00e9ma sera mis \u00e0 la vente \u00e0 Los Angeles en septembre prochain tout comme&hellip;\n","protected":false},"author":2,"featured_media":302055,"comment_status":"","ping_status":"","sticky":false,"template":"","format":"standard","meta":{"footnotes":""},"categories":[8],"tags":[44218,58,13677,59,1011,27],"class_list":{"0":"post-302054","1":"post","2":"type-post","3":"status-publish","4":"format-standard","5":"has-post-thumbnail","7":"category-divertissement","8":"tag-dark-vador","9":"tag-divertissement","10":"tag-encheres","11":"tag-entertainment","12":"tag-fr","13":"tag-france"},"share_on_mastodon":{"url":"https:\/\/pubeurope.com\/@fr\/114985957062651427","error":""},"_links":{"self":[{"href":"https:\/\/www.europesays.com\/fr\/wp-json\/wp\/v2\/posts\/302054","targetHints":{"allow":["GET"]}}],"collection":[{"href":"https:\/\/www.europesays.com\/fr\/wp-json\/wp\/v2\/posts"}],"about":[{"href":"https:\/\/www.europesays.com\/fr\/wp-json\/wp\/v2\/types\/post"}],"author":[{"embeddable":true,"href":"https:\/\/www.europesays.com\/fr\/wp-json\/wp\/v2\/users\/2"}],"replies":[{"embeddable":true,"href":"https:\/\/www.europesays.com\/fr\/wp-json\/wp\/v2\/comments?post=302054"}],"version-history":[{"count":0,"href":"https:\/\/www.europesays.com\/fr\/wp-json\/wp\/v2\/posts\/302054\/revisions"}],"wp:featuredmedia":[{"embeddable":true,"href":"https:\/\/www.europesays.com\/fr\/wp-json\/wp\/v2\/media\/302055"}],"wp:attachment":[{"href":"https:\/\/www.europesays.com\/fr\/wp-json\/wp\/v2\/media?parent=302054"}],"wp:term":[{"taxonomy":"category","embeddable":true,"href":"https:\/\/www.europesays.com\/fr\/wp-json\/wp\/v2\/categories?post=302054"},{"taxonomy":"post_tag","embeddable":true,"href":"https:\/\/www.europesays.com\/fr\/wp-json\/wp\/v2\/tags?post=302054"}],"curies":[{"name":"wp","href":"https:\/\/api.w.org\/{rel}","templated":true}]}}