{"id":302058,"date":"2025-08-07T06:01:10","date_gmt":"2025-08-07T06:01:10","guid":{"rendered":"https:\/\/www.europesays.com\/fr\/302058\/"},"modified":"2025-08-07T06:01:10","modified_gmt":"2025-08-07T06:01:10","slug":"des-milliards-de-dollars-affluent-aux-etats-unis-se-felicite-donald-trump","status":"publish","type":"post","link":"https:\/\/www.europesays.com\/fr\/302058\/","title":{"rendered":"\u00abDes milliards de dollars affluent aux \u00c9tats-Unis\u00bb, se f\u00e9licite Donald Trump"},"content":{"rendered":"<p>La plupart des surtaxes impos\u00e9es par le pr\u00e9sident am\u00e9ricain \u00e0 ses partenaires commerciaux sont entr\u00e9es en vigueur ce jeudi matin. Certains pays paient le prix fort.<\/p>\n<p class=\"fig-paragraph\">\u00abIl est minuit!!! Des milliards de dollars de droits de douane affluent maintenant vers les \u00c9tats-Unis d\u2019Am\u00e9rique\u00a0!\u00bb Le pr\u00e9sident am\u00e9ricain Donald Trump s\u2019est f\u00e9licit\u00e9 ce jeudi 7 ao\u00fbt sur son r\u00e9seau Truth Social de l\u2019entr\u00e9e en vigueur\u00a0<a href=\"http:\/\/www.lefigaro.fr\/conjoncture\/15-pour-l-ue-50-pour-le-bresil-a-combien-s-elevent-les-droits-de-douane-instaures-par-donald-trump-20250731\" data-fig-type=\"NewsFlash\" data-gtm-custom-categorie=\"navigation\" data-gtm-custom-action=\"crossclick\" data-gtm-custom-label=\"Contextuel\" data-gtm-event=\"customEventSPE\" data-fig-domain=\"LEFIGARO\" target=\"_blank\" rel=\"noopener\">des nouveaux droits de douane avec des dizaines de pays<\/a>, esquissant le nouvel ordre commercial mondial impos\u00e9 \u00e0 ses partenaires. Ces diff\u00e9rentes surtaxes, entr\u00e9es en vigueur \u00e0 6h01 heure de Paris, une semaine\u00a0<a href=\"http:\/\/www.lefigaro.fr\/conjoncture\/trump-signe-le-decret-augmentant-les-droits-de-douane-pour-des-dizaines-de-pays-20250801\" data-fig-type=\"NewsFlash\" data-gtm-custom-categorie=\"navigation\" data-gtm-custom-action=\"crossclick\" data-gtm-custom-label=\"Contextuel\" data-gtm-event=\"customEventSPE\" data-fig-domain=\"LEFIGARO\" target=\"_blank\" rel=\"noopener\">apr\u00e8s la signature du d\u00e9cret par le pr\u00e9sident am\u00e9ricain<\/a>, viennent remplacer, pour les \u00e9conomies concern\u00e9es, celle de 10% appliqu\u00e9e depuis avril sur quasiment tous les produits entrant aux \u00c9tats-Unis.<\/p>\n<p class=\"fig-paragraph\">Il s&rsquo;agit, selon Donald Trump, de r\u00e9\u00e9quilibrer les \u00e9changes entre les \u00c9tats-Unis et ses partenaires, qui \u00abprofitent\u00bb d&rsquo;apr\u00e8s lui de la premi\u00e8re puissance \u00e9conomique. \u00abDes milliards de dollars, provenant en grande partie de pays qui ont profit\u00e9 des \u00c9tats-Unis en se frottant les mains, vont commencer \u00e0 affluer aux \u00c9tats-Unis\u00bb, avait d\u00e9j\u00e0 claironn\u00e9 le dirigeant quelques minutes avant l&rsquo;\u00e9ch\u00e9ance.<\/p>\n<p>                                    <a class=\"fig-a11y-skip a11y-hidden\" href=\"#fig-a11y-skip-main-inarticle\"><br \/>\n        Passer la publicit\u00e9<br \/>\n    <\/a><\/p>\n<p>Des surtaxes de 15% \u00e0 41%<\/p>\n<p class=\"fig-paragraph\">Ces surtaxes se situent dans une large fourchette, comprise entre 15% et 41%. L&rsquo;Union europ\u00e9enne (UE), le Japon ou la Cor\u00e9e du Sud, qui comptent parmi les principaux partenaires commerciaux des \u00c9tats-Unis, sont d\u00e9sormais concern\u00e9s par un taux d&rsquo;au moins 15%.<\/p>\n<p class=\"fig-paragraph\">Avant l&rsquo;entr\u00e9e en vigueur de ces nouvelles taxes, le taux effectif moyen appliqu\u00e9 aux produits entrant dans le pays \u00e9tait de 18,4%, le plus \u00e9lev\u00e9 depuis 1933, selon le centre de recherche Budget Lab de l&rsquo;Universit\u00e9 Yale. Cette hausse suppl\u00e9mentaire devrait porter ce taux \u00e0 pr\u00e8s de 20%, selon les analystes de Pantheon Macroeconomics. Cela en ferait le plus \u00e9lev\u00e9 depuis le d\u00e9but des ann\u00e9es 1930, selon le Budget Lab.<\/p>\n<p class=\"fig-paragraph\">Et de nouvelles annonces devraient suivre, puisque le locataire de la Maison Blanche souhaite \u00e9galement taxer les produits pharmaceutiques et les semi-conducteurs import\u00e9s. Ces derniers, ainsi que les puces,\u00a0<a href=\"http:\/\/www.lefigaro.fr\/conjoncture\/donald-trump-annonce-sa-volonte-d-imposer-des-taxes-douanieres-de-100-sur-les-puces-et-semi-conducteurs-20250806\" data-fig-type=\"NewsFlash\" data-gtm-custom-categorie=\"navigation\" data-gtm-custom-action=\"crossclick\" data-gtm-custom-label=\"Contextuel\" data-gtm-event=\"customEventSPE\" data-fig-domain=\"LEFIGARO\" target=\"_blank\" rel=\"noopener\">devraient se voir appliquer une taxe de 100%<\/a>, a-t-il pr\u00e9cis\u00e9 mercredi, sans plus de d\u00e9tails.<\/p>\n<p>Tr\u00e8s peu d\u2019accords<\/p>\n<p class=\"fig-paragraph\">Certains pays, \u00e0 l&rsquo;image de la Suisse, ont tent\u00e9 jusqu&rsquo;au dernier moment de faire \u00e9voluer le taux qui leur a \u00e9t\u00e9 affect\u00e9, la Conf\u00e9d\u00e9ration envoyant \u00e0 Washington sa pr\u00e9sidente, Karin Keller-Sutter, et son ministre de l&rsquo;\u00c9conomie, Guy Parmelin. Pour l&rsquo;heure, alors que le gouvernement am\u00e9ricain assurait que \u00abdes dizaines d&rsquo;accords\u00bb seraient sign\u00e9s ces derniers mois, tout juste sept se sont mat\u00e9rialis\u00e9s, notamment ceux avec l&rsquo;Union europ\u00e9enne, le Japon ou le Royaume-Uni. Il s&rsquo;agit le plus souvent seulement de pr\u00e9accords, devant \u00eatre formalis\u00e9s, accompagn\u00e9s de promesses d&rsquo;investissements massifs aux \u00c9tats-Unis de la part des pays ou blocs concern\u00e9s.<\/p>\n<p class=\"fig-paragraph\">Rare exception, le Mexique a \u00e9chapp\u00e9 aux nouvelles hausses. Le pr\u00e9sident Trump a prolong\u00e9 de 90 jours les conditions douani\u00e8res dont il b\u00e9n\u00e9ficie actuellement, \u00e0 savoir 25% sur les produits entrant aux \u00c9tats-Unis en dehors de l&rsquo;accord de libre-\u00e9change nord-am\u00e9ricain. En revanche, l&rsquo;heure n&rsquo;est pas \u00e0 la d\u00e9tente avec le Canada, qui a vu le 1er ao\u00fbt augmenter la surtaxe appliqu\u00e9e sur ses produits, \u00e0 35%. Le Premier ministre canadien, Mark Carney, a cependant relativis\u00e9 l&rsquo;impact de cette surtaxe, estimant que plus de 85% des exportations canadiennes vers son voisin n&rsquo;\u00e9taient pas concern\u00e9es.<\/p>\n<p>                                    <a class=\"fig-a11y-skip a11y-hidden\" href=\"#fig-a11y-skip-main-inarticle_mtf\"><br \/>\n        Passer la publicit\u00e9<br \/>\n    <\/a><\/p>\n<p>L\u2019Inde et le Br\u00e9sil paient le prix fort<\/p>\n<p class=\"fig-paragraph\">L&rsquo;administration Trump se montre particuli\u00e8rement ferme avec certains pays. Donald Trump a ainsi sign\u00e9 la semaine derni\u00e8re un d\u00e9cret imposant 50% de surtaxe douani\u00e8re au Br\u00e9sil, entr\u00e9 en vigueur mercredi. L\u00e0 encore, les nombreuses exceptions font que moins de 35% des produits sont concern\u00e9s, selon Brasilia. Cette surtaxe fait office pour Donald Trump de repr\u00e9sailles contre les poursuites visant l&rsquo;ex-pr\u00e9sident Jair Bolsonaro, son alli\u00e9 d&rsquo;extr\u00eame droite, accus\u00e9 d&rsquo;avoir tent\u00e9 un coup d&rsquo;\u00c9tat apr\u00e8s sa d\u00e9faite \u00e0 l&rsquo;\u00e9lection de 2022.<\/p>\n<p class=\"fig-paragraph\">L&rsquo;Inde doit composer avec des droits de douane de 25%,\u00a0<a href=\"http:\/\/www.lefigaro.fr\/conjoncture\/droits-de-douane-donald-trump-menace-d-alourdir-les-taxes-sur-les-produits-indiens-dans-les-prochaines-24-heures-20250805\" data-fig-type=\"NewsFlash\" data-gtm-custom-categorie=\"navigation\" data-gtm-custom-action=\"crossclick\" data-gtm-custom-label=\"Contextuel\" data-gtm-event=\"customEventSPE\" data-fig-domain=\"LEFIGARO\" target=\"_blank\" rel=\"noopener\">qui passeront dans trois semaines \u00e0 50%<\/a>\u00a0sur un certain nombre de produits, Donald Trump reprochant \u00e0 New Delhi le manque d&rsquo;ouverture de son \u00e9conomie et ses achats de p\u00e9trole russe sous sanction.<\/p>\n<p class=\"fig-paragraph\">Les pays concern\u00e9s commencent n\u00e9anmoins \u00e0 s&rsquo;adapter\u00a0: le Br\u00e9sil, qui a d\u00e9pos\u00e9 plainte devant l&rsquo;Organisation mondiale du commerce (OMC), veut aider ses entreprises \u00e0 diversifier leurs d\u00e9bouch\u00e9s. De leur c\u00f4t\u00e9, le Canada et le Mexique veulent \u00e9tendre leur coop\u00e9ration \u00e9conomique afin d&rsquo;\u00eatre moins d\u00e9pendants des \u00c9tats-Unis, a soulign\u00e9 mercredi la pr\u00e9sidente mexicaine, Claudia Sheinbaum.<\/p>\n<p class=\"fig-paragraph\">Le pr\u00e9sident Trump a vant\u00e9 les m\u00e9rites des accords d\u00e9j\u00e0 conclus, qui gonflent les recettes publiques d&rsquo;une \u00e9conomie largement endett\u00e9e. L&rsquo;impact des droits de douane continue cependant d&rsquo;inqui\u00e9ter les \u00e9conomistes, qui les voient peser aux \u00c9tats-Unis sur l&rsquo;inflation, en hausse en juin \u00e0 2,6%, avec le risque de voir la croissance ralentir, les analystes s&rsquo;attendant \u00e0 ce qu&rsquo;elle ne d\u00e9passe pas 1% en rythme annualis\u00e9 sur le second semestre.<\/p>\n","protected":false},"excerpt":{"rendered":"La plupart des surtaxes impos\u00e9es par le pr\u00e9sident am\u00e9ricain \u00e0 ses partenaires commerciaux sont entr\u00e9es en vigueur ce&hellip;\n","protected":false},"author":2,"featured_media":302059,"comment_status":"","ping_status":"","sticky":false,"template":"","format":"standard","meta":{"footnotes":""},"categories":[6],"tags":[35,75,33,34,35076,1011,27,1074],"class_list":{"0":"post-302058","1":"post","2":"type-post","3":"status-publish","4":"format-standard","5":"has-post-thumbnail","7":"category-economie","8":"tag-business","9":"tag-donald-trump","10":"tag-economie","11":"tag-economy","12":"tag-etat-unis","13":"tag-fr","14":"tag-france","15":"tag-guerre-commerciale"},"share_on_mastodon":{"url":"https:\/\/pubeurope.com\/@fr\/114985964904321571","error":""},"_links":{"self":[{"href":"https:\/\/www.europesays.com\/fr\/wp-json\/wp\/v2\/posts\/302058","targetHints":{"allow":["GET"]}}],"collection":[{"href":"https:\/\/www.europesays.com\/fr\/wp-json\/wp\/v2\/posts"}],"about":[{"href":"https:\/\/www.europesays.com\/fr\/wp-json\/wp\/v2\/types\/post"}],"author":[{"embeddable":true,"href":"https:\/\/www.europesays.com\/fr\/wp-json\/wp\/v2\/users\/2"}],"replies":[{"embeddable":true,"href":"https:\/\/www.europesays.com\/fr\/wp-json\/wp\/v2\/comments?post=302058"}],"version-history":[{"count":0,"href":"https:\/\/www.europesays.com\/fr\/wp-json\/wp\/v2\/posts\/302058\/revisions"}],"wp:featuredmedia":[{"embeddable":true,"href":"https:\/\/www.europesays.com\/fr\/wp-json\/wp\/v2\/media\/302059"}],"wp:attachment":[{"href":"https:\/\/www.europesays.com\/fr\/wp-json\/wp\/v2\/media?parent=302058"}],"wp:term":[{"taxonomy":"category","embeddable":true,"href":"https:\/\/www.europesays.com\/fr\/wp-json\/wp\/v2\/categories?post=302058"},{"taxonomy":"post_tag","embeddable":true,"href":"https:\/\/www.europesays.com\/fr\/wp-json\/wp\/v2\/tags?post=302058"}],"curies":[{"name":"wp","href":"https:\/\/api.w.org\/{rel}","templated":true}]}}