{"id":302067,"date":"2025-08-07T06:11:18","date_gmt":"2025-08-07T06:11:18","guid":{"rendered":"https:\/\/www.europesays.com\/fr\/302067\/"},"modified":"2025-08-07T06:11:18","modified_gmt":"2025-08-07T06:11:18","slug":"beaucoup-de-personnes-viennent-de-loin-pour-se-faire-soigner-et-doivent-en-plus-payer-le-stationnement-ce-depute-lorrain-reclame-la-gratuite-des-parkings-des-hopitaux","status":"publish","type":"post","link":"https:\/\/www.europesays.com\/fr\/302067\/","title":{"rendered":"\u00ab\u00a0Beaucoup de personnes viennent de loin pour se faire soigner et doivent en plus payer le stationnement\u00a0\u00bb: ce d\u00e9put\u00e9 lorrain r\u00e9clame la gratuit\u00e9 des parkings des h\u00f4pitaux"},"content":{"rendered":"<p>\u00ab\u00a0\u00c7a fait un peu mal\u2026\u00a0\u00bb Malia sort du parking de l\u2019h\u00f4pital Sainte-Musse \u00e0 Toulon et vient de s\u2019acquitter du paiement de ses 3h40 de stationnement, apr\u00e8s un passage aux urgences: 5,50\u20ac. Elle se serait bien pass\u00e9e de ce r\u00e8glement, \u00ab\u00a0pas tant pour la somme que le principe\u00a0\u00bb.<\/p>\n<p>Estimant que sa situation n\u2019est \u00ab\u00a0pas catastrophique\u00a0\u00bb, la jeune femme dit surtout penser \u00ab\u00a0aux personnes qui doivent venir longtemps et r\u00e9guli\u00e8rement, pour elles ou des proches\u00a0\u00bb.<\/p>\n<p>C\u2019est aussi ces personnes que St\u00e9phane Hablot a en t\u00eate. D\u00e9put\u00e9 PS de Meurthe-et-Moselle, il porte une proposition de loi visant \u00e0 garantir la gratuit\u00e9 des parkings dans les h\u00f4pitaux publics pour les patients, leurs visiteurs de courte dur\u00e9e et les personnels hospitaliers.<\/p>\n<p>Pour sensibiliser les chefs d\u2019\u00e9tablissement, les convaincre de son projet, mais aussi entendre leurs arguments, il effectue un tour de France et sera, ce jeudi 8 ao\u00fbt dans la matin\u00e9e, au centre hospitalier intercommunal de Fr\u00e9jus-Saint-Rapha\u00ebl, puis l\u2019apr\u00e8s-midi \u00e0 celui de Toulon-La Seyne.<\/p>\n<p><strong>Mauricette en t\u00eate<\/strong><\/p>\n<p>\u00ab\u00a0Dans un d\u00e9partement comme le Var, beaucoup de personnes viennent de loin pour se faire soigner, d\u00e9crit le parlementaire lorrain, et doivent en plus payer le stationnement. Pareil pour ceux qui viennent visiter les malades: familles, amis et m\u00eame b\u00e9n\u00e9voles!\u00a0\u00bb<\/p>\n<p>Une situation dont Mauricette, une habitante de sa r\u00e9gion qui d\u00e9bourse chaque mois plus d\u2019une centaine d\u2019euros pour rendre visite \u00e0 une proche hospitalis\u00e9e de longue date, lui a fait prendre consciente.<\/p>\n<p>En f\u00e9vrier dernier, St\u00e9phane Hablot a ainsi interpell\u00e9 le ministre de la Sant\u00e9 Yannick Neuder. Celui-ci a alors promis d\u2019intervenir pour que les parkings dans les h\u00f4pitaux limitent, dans certaines conditions, leurs frais de stationnement.<\/p>\n<p>Depuis, pas grand-chose, si ce n\u2019est, peut-\u00eatre, l\u2019\u00e9criture d\u2019une charte \u00e9thique. Le d\u00e9put\u00e9 d\u00e9pose alors sa proposition de loi, enregistr\u00e9e \u00e0 la pr\u00e9sidence de l\u2019Assembl\u00e9e nationale le 11 juillet dernier.<\/p>\n<p><strong>Logique de rentabilit\u00e9?<\/strong><\/p>\n<p>Le texte d\u00e9nonce une logique de rentabilit\u00e9 \u00ab\u00a0au d\u00e9triment de l\u2019humanit\u00e9 et de l\u2019\u00e9quit\u00e9, dans un contexte de sous-financement chronique des h\u00f4pitaux et de faible pouvoir d\u2019achat\u00a0\u00bb. Il souligne \u00ab\u00a0les cons\u00e9quences sociales graves: consultations report\u00e9es, visites r\u00e9duites, isolement accru\u00a0\u00bb.<\/p>\n<p>Concr\u00e8tement, l\u2019\u00e9lu propose donc \u00ab\u00a0la gratuit\u00e9 pour les patients pendant leur prise en charge, deux heures gratuites par jour pour les visiteurs, et la gratuit\u00e9 totale pour les personnels sur leur temps de travail\u00a0\u00bb. Un plafonnement des tarifs est aussi pr\u00e9vu: 15 euros\/jour et 100 euros\/mois.<\/p>\n<p><strong>D\u00e9j\u00e0 de la gratuit\u00e9&#8230; temporaire<\/strong><\/p>\n<p>              <img ci-src=\"https:\/\/www.varmatin.com\/pouvoir-dachat\/protec\/DATA_ART_16028971-hT5lpdBZ.jpg?vh=002f09&amp;ci_seal=10e8da8dc8\" alt=\"\"\/><br \/>\n        St\u00e9phane Hablot, d\u00e9put\u00e9 de Meurthe-et-Moselle, ici lors de sa question au ministre de la Sant\u00e9, en f\u00e9vrier dernier \u00e0 l\u2019Assembl\u00e9e nationale. <strong>Photo DR.<\/strong> <\/p>\n<p>C\u2019est ce que St\u00e9phane Hablot pr\u00e9sentera ce jeudi matin \u00e0 Fr\u00e9bonie Tricheux, directrice adjointe de l\u2019h\u00f4pital Bonnet \u00e0 Fr\u00e9jus, puis l\u2019apr\u00e8s-midi \u00e0 \u00c9lisabeth Coulomb, directrice adjointe \u00e0 l\u2019h\u00f4pital Sainte-Musse de Toulon. Celles-ci pourront \u00e0 leur tour lui exposer les politiques de leurs \u00e9tablissements en mati\u00e8re de stationnement.<\/p>\n<p>Si leurs parkings, tous deux g\u00e9r\u00e9s non pas par un op\u00e9rateur priv\u00e9 mais en interne, sont payants, ils proposent une heure de gratuit\u00e9. \u00ab\u00a0\u00c7a permet aux personnes d\u2019aller rendre visite \u00e0 un proche, d\u2019aller r\u00e9gler une facture\u00a0\u00bb, indique G\u00e9raldine Guillon, \u00e9galement directrice adjointe \u00e0 Fr\u00e9jus- Saint-Rapha\u00ebl.<\/p>\n<p>Dans une note, la direction de l\u2019h\u00f4pital Bonnet pr\u00e9cise: \u00ab\u00a0Contraint par un objectif de retour \u00e0 l\u2019\u00e9quilibre budg\u00e9taire, le centre hospitalier a cherch\u00e9 \u00e0 adapter la tarification du parking au plus juste, afin de compenser les co\u00fbts de fonctionnement et les besoins d\u2019investissements de celui-ci.\u00a0\u00bb <\/p>\n<p>Autrement dit, l\u2019entretien des espaces de stationnement est permis par leur caract\u00e8re payant. Et d\u00e8s lors, les \u00e9tablissements peuvent concentrer leurs investissements sur leurs activit\u00e9s de soins.<\/p>\n<p><strong>Compensation financi\u00e8re<\/strong><\/p>\n<p>Mais l\u00e0 aussi, la loi de St\u00e9phane Hablot pr\u00e9voit \u00ab\u00a0un m\u00e9canisme de compensation financi\u00e8re pour les \u00e9tablissements respectant ces r\u00e8gles, assorti d\u2019un syst\u00e8me de bonus-malus\u00a0\u00bb. Irr\u00e9sistible? Pas s\u00fbr, car le maintien en service des parkings n\u2019est pas le seul argument des h\u00f4pitaux.<\/p>\n<p>\u00c0 son tour, \u00c9lisabeth Coulomb, \u00e0 Toulon, cite \u00ab\u00a0la n\u00e9cessit\u00e9 de garantir le stationnement aux usagers, ainsi qu\u2019un turn-over r\u00e9gulier, mais aussi d\u2019\u00e9viter les voitures ventouse\u00a0\u00bb.<\/p>\n<p>Bref, aucun engagement ne sera pris ce jeudi. Pour l\u2019heure, tout ce que peut esp\u00e9rer le d\u00e9put\u00e9 de Meurthe-et-Moselle, c\u2019est \u00ab\u00a0une prise de conscience pour que l\u2019h\u00f4pital de demain soit accueillant et attractif\u00a0\u00bb.<\/p>\n","protected":false},"excerpt":{"rendered":"\u00ab\u00a0\u00c7a fait un peu mal\u2026\u00a0\u00bb Malia sort du parking de l\u2019h\u00f4pital Sainte-Musse \u00e0 Toulon et vient de s\u2019acquitter&hellip;\n","protected":false},"author":2,"featured_media":302068,"comment_status":"","ping_status":"","sticky":false,"template":"","format":"standard","meta":{"footnotes":""},"categories":[9619],"tags":[1111,11,1777,674,1011,27,12,2922,882,25,801,2310],"class_list":{"0":"post-302067","1":"post","2":"type-post","3":"status-publish","4":"format-standard","5":"has-post-thumbnail","7":"category-toulon","8":"tag-actu","9":"tag-actualites","10":"tag-eu","11":"tag-europe","12":"tag-fr","13":"tag-france","14":"tag-news","15":"tag-pouvoir-dachat","16":"tag-provence-alpes-cote-dazur","17":"tag-republique-francaise","18":"tag-social","19":"tag-toulon"},"share_on_mastodon":{"url":"https:\/\/pubeurope.com\/@fr\/114986004271643719","error":""},"_links":{"self":[{"href":"https:\/\/www.europesays.com\/fr\/wp-json\/wp\/v2\/posts\/302067","targetHints":{"allow":["GET"]}}],"collection":[{"href":"https:\/\/www.europesays.com\/fr\/wp-json\/wp\/v2\/posts"}],"about":[{"href":"https:\/\/www.europesays.com\/fr\/wp-json\/wp\/v2\/types\/post"}],"author":[{"embeddable":true,"href":"https:\/\/www.europesays.com\/fr\/wp-json\/wp\/v2\/users\/2"}],"replies":[{"embeddable":true,"href":"https:\/\/www.europesays.com\/fr\/wp-json\/wp\/v2\/comments?post=302067"}],"version-history":[{"count":0,"href":"https:\/\/www.europesays.com\/fr\/wp-json\/wp\/v2\/posts\/302067\/revisions"}],"wp:featuredmedia":[{"embeddable":true,"href":"https:\/\/www.europesays.com\/fr\/wp-json\/wp\/v2\/media\/302068"}],"wp:attachment":[{"href":"https:\/\/www.europesays.com\/fr\/wp-json\/wp\/v2\/media?parent=302067"}],"wp:term":[{"taxonomy":"category","embeddable":true,"href":"https:\/\/www.europesays.com\/fr\/wp-json\/wp\/v2\/categories?post=302067"},{"taxonomy":"post_tag","embeddable":true,"href":"https:\/\/www.europesays.com\/fr\/wp-json\/wp\/v2\/tags?post=302067"}],"curies":[{"name":"wp","href":"https:\/\/api.w.org\/{rel}","templated":true}]}}