{"id":302069,"date":"2025-08-07T06:12:33","date_gmt":"2025-08-07T06:12:33","guid":{"rendered":"https:\/\/www.europesays.com\/fr\/302069\/"},"modified":"2025-08-07T06:12:33","modified_gmt":"2025-08-07T06:12:33","slug":"bernard-lemaitre-clarifie-la-situation-on-est-tres-tres-attaches-a-mayol","status":"publish","type":"post","link":"https:\/\/www.europesays.com\/fr\/302069\/","title":{"rendered":"Bernard Lema\u00eetre clarifie la situation : \u00ab\u00a0On est tr\u00e8s tr\u00e8s attach\u00e9s \u00e0 Mayol\u00a0\u00bb"},"content":{"rendered":"<p>Toulon s\u2019appr\u00eate \u00e0 vivre ses soir\u00e9es de rugby autrement. Pour la saison 2025-2026, le stade Mayol change de dimension avec un nouveau dispositif lumi\u00e8re-son, \u00e0 la hauteur des standards internationaux.<\/p>\n<p>Co\u00fbt de l\u2019op\u00e9ration : cinq millions d\u2019euros.<\/p>\n<p>Bernard Lemaitre tirait la sonnette d\u2019alarme sur l\u2019\u00e9tat du stade Mayol et \u00e9voquait pour la premi\u00e8re fois ouvertement la possibilit\u00e9 d\u2019un d\u00e9part dans les colonnes de <a href=\"https:\/\/www.varmatin.com\/rugby\/travaux-audit-projet-l-avenir-de-mayol-au-coeur-des-preoccupations-de-bernard-lemaitre-president-du-rct-992473\" rel=\"nofollow noopener\" target=\"_blank\">Var-Matin.<\/a><\/p>\n<p>Malgr\u00e9 ces investissements, le Stade Mayol pr\u00e9sente toujours plusieurs points n\u00e9gatifs, sur l\u2019accessibilit\u00e9 ou les hospitalit\u00e9s par exemple.<\/p>\n<p><strong data-start=\"2937\" data-end=\"3075\">Quant \u00e0 l\u2019hypoth\u00e8se d\u2019un nouveau stade en p\u00e9riph\u00e9rie, elle n\u2019est pas totalement enterr\u00e9e, mais reste secondaire pour Bernard Lema\u00eetre via <a href=\"https:\/\/www.francebleu.fr\/sports\/rugby\/le-stade-mayol-veut-taper-dans-l-oeil-des-supporters-du-rct-avec-un-show-lumineux-6278440\" rel=\"nofollow noopener\" target=\"_blank\">Ici Provence<\/a>. Extrait :<\/strong><\/p>\n<p>\u00ab La question existera toujours, dans la mesure o\u00f9 aujourd\u2019hui, on ne sait pas de quelle fa\u00e7on on peut faire \u00e9voluer Mayol. Donc si on arrive \u00e0 faire tout \u00e7a \u00e0 Mayol, on est tr\u00e8s heureux. On est tr\u00e8s tr\u00e8s attach\u00e9s \u00e0 Mayol contrairement aux propos qui ont pu m\u2019\u00eatre pr\u00eat\u00e9s \u00bb.<\/p>\n<p>Les supporters peuvent donc se rassurer, Toulon n\u2019est pas pr\u00eat de quitter Mayol, et l\u2019hypoth\u00e8se de changer de stade s\u2019\u00e9loigne de jour en jour.<\/p>\n","protected":false},"excerpt":{"rendered":"Toulon s\u2019appr\u00eate \u00e0 vivre ses soir\u00e9es de rugby autrement. Pour la saison 2025-2026, le stade Mayol change de&hellip;\n","protected":false},"author":2,"featured_media":302070,"comment_status":"","ping_status":"","sticky":false,"template":"","format":"standard","meta":{"footnotes":""},"categories":[9619],"tags":[1111,11,1777,674,1011,27,12,882,25,2310],"class_list":{"0":"post-302069","1":"post","2":"type-post","3":"status-publish","4":"format-standard","5":"has-post-thumbnail","7":"category-toulon","8":"tag-actu","9":"tag-actualites","10":"tag-eu","11":"tag-europe","12":"tag-fr","13":"tag-france","14":"tag-news","15":"tag-provence-alpes-cote-dazur","16":"tag-republique-francaise","17":"tag-toulon"},"share_on_mastodon":{"url":"https:\/\/pubeurope.com\/@fr\/114986008048756092","error":""},"_links":{"self":[{"href":"https:\/\/www.europesays.com\/fr\/wp-json\/wp\/v2\/posts\/302069","targetHints":{"allow":["GET"]}}],"collection":[{"href":"https:\/\/www.europesays.com\/fr\/wp-json\/wp\/v2\/posts"}],"about":[{"href":"https:\/\/www.europesays.com\/fr\/wp-json\/wp\/v2\/types\/post"}],"author":[{"embeddable":true,"href":"https:\/\/www.europesays.com\/fr\/wp-json\/wp\/v2\/users\/2"}],"replies":[{"embeddable":true,"href":"https:\/\/www.europesays.com\/fr\/wp-json\/wp\/v2\/comments?post=302069"}],"version-history":[{"count":0,"href":"https:\/\/www.europesays.com\/fr\/wp-json\/wp\/v2\/posts\/302069\/revisions"}],"wp:featuredmedia":[{"embeddable":true,"href":"https:\/\/www.europesays.com\/fr\/wp-json\/wp\/v2\/media\/302070"}],"wp:attachment":[{"href":"https:\/\/www.europesays.com\/fr\/wp-json\/wp\/v2\/media?parent=302069"}],"wp:term":[{"taxonomy":"category","embeddable":true,"href":"https:\/\/www.europesays.com\/fr\/wp-json\/wp\/v2\/categories?post=302069"},{"taxonomy":"post_tag","embeddable":true,"href":"https:\/\/www.europesays.com\/fr\/wp-json\/wp\/v2\/tags?post=302069"}],"curies":[{"name":"wp","href":"https:\/\/api.w.org\/{rel}","templated":true}]}}