{"id":302073,"date":"2025-08-07T06:15:14","date_gmt":"2025-08-07T06:15:14","guid":{"rendered":"https:\/\/www.europesays.com\/fr\/302073\/"},"modified":"2025-08-07T06:15:14","modified_gmt":"2025-08-07T06:15:14","slug":"un-bus-innovant-doit-parcourir-rouen-mais-reste-au-placard-jusqua-quand","status":"publish","type":"post","link":"https:\/\/www.europesays.com\/fr\/302073\/","title":{"rendered":"Un bus innovant doit parcourir Rouen mais reste au placard : jusqu&rsquo;\u00e0 quand\u00a0?"},"content":{"rendered":"<p>            Par<br \/>\n        <strong><br \/>\n            <a href=\"https:\/\/actu.fr\/auteur\/fmass\" title=\"Consulter tous les articles de Fabien Massin\" target=\"_blank\" rel=\"noopener\">Fabien Massin<\/a><br \/>\n        <\/strong><\/p>\n<p>        Publi\u00e9 le<\/p>\n<p>            7 ao\u00fbt 2025 \u00e0 7h12        <\/p>\n<p>Une pr\u00e9sentation devait en \u00eatre faite au printemps, <strong>mais le rendez-vous avait \u00e9t\u00e9 report\u00e9 \u00e0 une date ult\u00e9rieure <\/strong>et en attendant, ce v\u00e9hicule innovant reste au d\u00e9p\u00f4t. O\u00f9 en est-on du projet de <strong>bus \u00e0 induction<\/strong> dans les transports en commun de la <a href=\"https:\/\/actu.fr\/tag\/metropole-rouen\" target=\"_blank\" rel=\"noopener\">M\u00e9tropole de Rouen (Seine-Maritime)<\/a> ? Une innovation pr\u00e9sent\u00e9e comme une premi\u00e8re fran\u00e7aise, qui fait que<strong> les bus \u00e9lectriques rechargent leurs batteries\u2026 tout en roulant<\/strong>. Voici o\u00f9 en est l\u2019avanc\u00e9e du programme, conduit en partenariat avec Electreon, Vinci Construction et Citeos \u2013 Vinci Energies.<\/p>\n<p>    <img   decoding=\"async\" loading=\"lazy\" src=\"https:\/\/www.europesays.com\/fr\/wp-content\/uploads\/2025\/08\/bus-induction-rouen-960x640.jpeg\" alt=\"Des affiches annoncent d\u00e9j\u00e0 l'exp\u00e9rimentation du bus \u00e0 induction.\" width=\"960\" height=\"640\"\/><br \/>\n    Des affiches annoncent d\u00e9j\u00e0 l\u2019exp\u00e9rimentation du bus \u00e0 induction. (\u00a9YR\/76actu)Le bus en cours d\u2019homologation\u00a0<\/p>\n<p class=\" wall-content\">Interrog\u00e9e par 76actu sur le sujet, la M\u00e9tropole Rouen Normandie informe : \u00ab\u00a0Le bus a \u00e9t\u00e9 achet\u00e9, r\u00e9ceptionn\u00e9 et \u00e9quip\u00e9. Son homologation est en cours et il sera ensuite immatricul\u00e9\u00a0\u00bb.<\/p>\n<p class=\" wall-content\">Comment fonctionne le syst\u00e8me ? Des bobines gliss\u00e9es sous la chauss\u00e9e transmettent l\u2019\u00e9nergie \u00e0 des capteurs install\u00e9s sous le v\u00e9hicule. R\u00e9sultat : <strong>plus besoin de longues pauses recharge<\/strong>, le bus r\u00e9cup\u00e8re de l\u2019autonomie en roulant, \u00e0 vitesse normale.<\/p>\n<blockquote class=\"ac-article-quote wall-content\">\n<p>Cette solution pourrait \u00e0 terme simplifier l\u2019exploitation des bus \u00e9lectriques et renforcer la d\u00e9carbonation du r\u00e9seau.<\/p>\n<p>    <strong>La M\u00e9tropole Rouen Normandie<\/strong>\n            <\/p><\/blockquote>\n<p>En test pendant plusieurs mois<\/p>\n<p class=\" wall-content\">\u00ab\u00a0Le bus \u00e0 induction sera test\u00e9 en conditions r\u00e9elles durant plusieurs mois, indique la M\u00e9tropole. Il empruntera une boucle en suivant la voie du Teor <strong>depuis le Boulingrin jusqu\u2019au boulevard des Belges via la ligne T4<\/strong>, pour un retour au point de d\u00e9part en passant par la gare de Rouen Rive-Droite. Ce v\u00e9hicule exp\u00e9rimental sera recharg\u00e9 \u00e0 la fois en statique \u00e0 son terminus (Boulingrin), <strong>ainsi que de fa\u00e7on dynamique sur une portion de voirie am\u00e9nag\u00e9e entre le CHU et Martainville<\/strong>.\u00a0\u00bb<\/p>\n<blockquote class=\"ac-article-quote wall-content\">\n<p>\u00c0 ce stade, sa date de mise en circulation n&rsquo;est pas arr\u00eat\u00e9e.<\/p>\n<p>    <strong>La M\u00e9tropole Rouen Normandie<\/strong>\n            <\/p><\/blockquote>\n<p class=\" wall-content\">Mais selon nos informations, cela pourrait intervenir dans le courant de la rentr\u00e9e.<\/p>\n<p>Suivez l\u2019actualit\u00e9 de Rouen sur notre <a href=\"https:\/\/www.whatsapp.com\/channel\/0029VaKfnf99hXF2ddApFB1D\" target=\"_blank\" rel=\"noopener\">cha\u00eene WhatsApp<\/a> et sur notre<a href=\"https:\/\/www.tiktok.com\/@76actu.fr?lang=fr\" target=\"_blank\" rel=\"noopener\"> compte TikTok<\/a><\/p>\n<p class=\" wall-content\">Suivez toute l\u2019actualit\u00e9 de vos villes et m\u00e9dias favoris en vous inscrivant \u00e0 <a href=\"https:\/\/moncompte.actu.fr\" title=\"D\u00e9couvez Mon Actu\" rel=\"nofollow noopener\" data-trk=\"{&quot;cta&quot;:{&quot;action&quot;:&quot;https:\\\/\\\/moncompte.actu.fr&quot;,&quot;category&quot;:&quot;mon compte&quot;,&quot;from&quot;:&quot;article footer&quot;,&quot;name&quot;:&quot;Mon actu&quot;,&quot;type&quot;:&quot;cta&quot;}}\" target=\"_blank\">Mon Actu<\/a>.<\/p>\n<p>                    <script async src=\"\/\/www.tiktok.com\/embed.js\"><\/script><\/p>\n","protected":false},"excerpt":{"rendered":"Par Fabien Massin Publi\u00e9 le 7 ao\u00fbt 2025 \u00e0 7h12 Une pr\u00e9sentation devait en \u00eatre faite au printemps,&hellip;\n","protected":false},"author":2,"featured_media":302074,"comment_status":"","ping_status":"","sticky":false,"template":"","format":"standard","meta":{"footnotes":""},"categories":[9587],"tags":[1111,11,579,1777,674,1011,27,9725,12,5161,25,9726,9590,104],"class_list":{"0":"post-302073","1":"post","2":"type-post","3":"status-publish","4":"format-standard","5":"has-post-thumbnail","7":"category-rouen","8":"tag-actu","9":"tag-actualites","10":"tag-electricite","11":"tag-eu","12":"tag-europe","13":"tag-fr","14":"tag-france","15":"tag-metropole-rouen","16":"tag-news","17":"tag-normandie","18":"tag-republique-francaise","19":"tag-reseau-astuce-tcar","20":"tag-rouen","21":"tag-societe"},"share_on_mastodon":{"url":"https:\/\/pubeurope.com\/@fr\/114986020062558837","error":""},"_links":{"self":[{"href":"https:\/\/www.europesays.com\/fr\/wp-json\/wp\/v2\/posts\/302073","targetHints":{"allow":["GET"]}}],"collection":[{"href":"https:\/\/www.europesays.com\/fr\/wp-json\/wp\/v2\/posts"}],"about":[{"href":"https:\/\/www.europesays.com\/fr\/wp-json\/wp\/v2\/types\/post"}],"author":[{"embeddable":true,"href":"https:\/\/www.europesays.com\/fr\/wp-json\/wp\/v2\/users\/2"}],"replies":[{"embeddable":true,"href":"https:\/\/www.europesays.com\/fr\/wp-json\/wp\/v2\/comments?post=302073"}],"version-history":[{"count":0,"href":"https:\/\/www.europesays.com\/fr\/wp-json\/wp\/v2\/posts\/302073\/revisions"}],"wp:featuredmedia":[{"embeddable":true,"href":"https:\/\/www.europesays.com\/fr\/wp-json\/wp\/v2\/media\/302074"}],"wp:attachment":[{"href":"https:\/\/www.europesays.com\/fr\/wp-json\/wp\/v2\/media?parent=302073"}],"wp:term":[{"taxonomy":"category","embeddable":true,"href":"https:\/\/www.europesays.com\/fr\/wp-json\/wp\/v2\/categories?post=302073"},{"taxonomy":"post_tag","embeddable":true,"href":"https:\/\/www.europesays.com\/fr\/wp-json\/wp\/v2\/tags?post=302073"}],"curies":[{"name":"wp","href":"https:\/\/api.w.org\/{rel}","templated":true}]}}