{"id":302075,"date":"2025-08-07T06:16:13","date_gmt":"2025-08-07T06:16:13","guid":{"rendered":"https:\/\/www.europesays.com\/fr\/302075\/"},"modified":"2025-08-07T06:16:13","modified_gmt":"2025-08-07T06:16:13","slug":"saint-brieuc-et-rouen-devoilent-leur-maillot-domicile","status":"publish","type":"post","link":"https:\/\/www.europesays.com\/fr\/302075\/","title":{"rendered":"Saint-Brieuc et Rouen d\u00e9voilent leur maillot domicile"},"content":{"rendered":"<p>Zapping Foot National Entretien &#8211; Les dessous du football amateur, avec Romain Molina<\/p>\n<p>De quoi contenter leurs supporters, ainsi que tous les amoureux de belles pi\u00e8ces, \u00e0 moins de 48 heures du coup d\u2019envoi de la saison 2025-2026 de National (vendredi, 19h30). Ce mercredi en fin de journ\u00e9e, deux clubs de la troisi\u00e8me division tricolore ont effectivement d\u00e9voil\u00e9 leur nouvelle tunique domicile. \u00c0 commencer par un promu. Le Stade Briochin a d\u00e9voil\u00e9 une merveille de tenue, aux couleurs du club. Les supporters des Griffons pourront se le procurer d\u00e8s ce vendredi soir \u00e0 la boutique du Stade Fred-Aubert pour la r\u00e9ception du FC Versailles.\u00a0<\/p>\n<blockquote class=\"twitter-tweet\">\n<p dir=\"ltr\" lang=\"fr\">En ville comme \u00e0 Fred-Aubert, le maillot 2025\u20132026 est d\u00e9j\u00e0 chez lui.<\/p>\n<p>\ud83d\udccd Disponible en boutique ce vendredi soir \u00e0 Fred-Aubert\u2070\ud83d\uded2 Et d\u00e8s samedi sur la boutique en ligne<\/p>\n<p>\ud83d\udcf8 @tomtroel_views <a href=\"https:\/\/twitter.com\/hashtag\/golestade?src=hash&amp;ref_src=twsrc%5Etfw\" rel=\"nofollow noopener\" target=\"_blank\">#golestade<\/a> <a href=\"https:\/\/t.co\/d4Cd9UUhyt\" rel=\"nofollow\">pic.twitter.com\/d4Cd9UUhyt<\/a><\/p>\n<p>\u2014 Stade Briochin (@StadeBriochin) <a href=\"https:\/\/twitter.com\/StadeBriochin\/status\/1953032867807642017?ref_src=twsrc%5Etfw\" rel=\"nofollow noopener\" target=\"_blank\">August 6, 2025<\/a><\/p>\n<\/blockquote>\n<p>Rouen d\u00e9voile aussi son maillot<\/p>\n<p>Le club breton a rapidement \u00e9t\u00e9 imit\u00e9 par le FC Rouen. Le club fond\u00e9 en 1899 a \u00e9galement d\u00e9voil\u00e9 son nouveau maillot domicile pour la saison 2025-2026. Une tunique qui fait honneur \u00e0 l\u2019histoire des Diables Rouges, avec un prix plus que louable \u00e0 une p\u00e9riode o\u00f9 ces derniers explosent. Les Normands l\u2019inaugureront ce vendredi, \u00e0 l\u2019occasion de la r\u00e9ception du FC Fleury pour le compte de la premi\u00e8re journ\u00e9e de National.\u00a0<\/p>\n<blockquote class=\"twitter-tweet\">\n<p dir=\"ltr\" lang=\"fr\">Design \u00e9pur\u00e9 et scapulaire de retour, port\u00e9 par trois joueurs qui incarnent l\u2019histoire et l\u2019avenir du club. Fiers de porter ce maillot domicile pour la saison 2025-2026 ! \ud83d\udd34\u26aa<\/p>\n<p>\ud83d\udc49 Dispo prochainement en boutique (centre-ville &amp; stade) et en ligne au prix de 49 \u20ac \ud83d\udecd<a href=\"https:\/\/twitter.com\/hashtag\/TeamFCR?src=hash&amp;ref_src=twsrc%5Etfw\" rel=\"nofollow noopener\" target=\"_blank\">#TeamFCR<\/a>\u2026 <a href=\"https:\/\/t.co\/HRrHISkhNo\" rel=\"nofollow\">pic.twitter.com\/HRrHISkhNo<\/a><\/p>\n<p>\u2014 FC Rouen 1899 (@fcr1899) <a href=\"https:\/\/twitter.com\/fcr1899\/status\/1953146614400573787?ref_src=twsrc%5Etfw\" rel=\"nofollow noopener\" target=\"_blank\">August 6, 2025<\/a><\/p>\n<\/blockquote>\n<p>Partagez cette info avec vos amis et vos proches en cliquant ici<br \/>Pour r\u00e9sumer<\/p>\n<p>De quoi contenter leurs supporters, ainsi que tous les amoureux de belles pi\u00e8ces, \u00e0 moins de 48 heures du coup d\u2019envoi de la saison 2025-2026 de National (vendredi, 19h30). Ce mercredi en fin de journ\u00e9e, deux clubs de la troisi\u00e8me division tricolore ont effectivement d\u00e9voil\u00e9 leur nouvelle tunique domicile.<\/p>\n<p> <img decoding=\"async\" width=\"76\" height=\"76\" loading=\"lazy\" src=\"https:\/\/static.wui.fr\/images_v3\/avatar-footnational.png\" alt=\"Youcef Ghalaza-Boudra\"\/><script async src=\"https:\/\/platform.twitter.com\/widgets.js\" charset=\"utf-8\"><\/script><\/p>\n","protected":false},"excerpt":{"rendered":"Zapping Foot National Entretien &#8211; Les dessous du football amateur, avec Romain Molina De quoi contenter leurs supporters,&hellip;\n","protected":false},"author":2,"featured_media":302076,"comment_status":"","ping_status":"","sticky":false,"template":"","format":"standard","meta":{"footnotes":""},"categories":[9587],"tags":[1111,11,1777,674,1011,27,12,5161,25,9590],"class_list":{"0":"post-302075","1":"post","2":"type-post","3":"status-publish","4":"format-standard","5":"has-post-thumbnail","7":"category-rouen","8":"tag-actu","9":"tag-actualites","10":"tag-eu","11":"tag-europe","12":"tag-fr","13":"tag-france","14":"tag-news","15":"tag-normandie","16":"tag-republique-francaise","17":"tag-rouen"},"share_on_mastodon":{"url":"https:\/\/pubeurope.com\/@fr\/114986023946881970","error":""},"_links":{"self":[{"href":"https:\/\/www.europesays.com\/fr\/wp-json\/wp\/v2\/posts\/302075","targetHints":{"allow":["GET"]}}],"collection":[{"href":"https:\/\/www.europesays.com\/fr\/wp-json\/wp\/v2\/posts"}],"about":[{"href":"https:\/\/www.europesays.com\/fr\/wp-json\/wp\/v2\/types\/post"}],"author":[{"embeddable":true,"href":"https:\/\/www.europesays.com\/fr\/wp-json\/wp\/v2\/users\/2"}],"replies":[{"embeddable":true,"href":"https:\/\/www.europesays.com\/fr\/wp-json\/wp\/v2\/comments?post=302075"}],"version-history":[{"count":0,"href":"https:\/\/www.europesays.com\/fr\/wp-json\/wp\/v2\/posts\/302075\/revisions"}],"wp:featuredmedia":[{"embeddable":true,"href":"https:\/\/www.europesays.com\/fr\/wp-json\/wp\/v2\/media\/302076"}],"wp:attachment":[{"href":"https:\/\/www.europesays.com\/fr\/wp-json\/wp\/v2\/media?parent=302075"}],"wp:term":[{"taxonomy":"category","embeddable":true,"href":"https:\/\/www.europesays.com\/fr\/wp-json\/wp\/v2\/categories?post=302075"},{"taxonomy":"post_tag","embeddable":true,"href":"https:\/\/www.europesays.com\/fr\/wp-json\/wp\/v2\/tags?post=302075"}],"curies":[{"name":"wp","href":"https:\/\/api.w.org\/{rel}","templated":true}]}}