{"id":302077,"date":"2025-08-07T06:17:09","date_gmt":"2025-08-07T06:17:09","guid":{"rendered":"https:\/\/www.europesays.com\/fr\/302077\/"},"modified":"2025-08-07T06:17:09","modified_gmt":"2025-08-07T06:17:09","slug":"la-station-de-chamrousse-celebre-la-72e-fete-du-bois","status":"publish","type":"post","link":"https:\/\/www.europesays.com\/fr\/302077\/","title":{"rendered":"la station de Chamrousse c\u00e9l\u00e8bre la 72e F\u00eate du Bois"},"content":{"rendered":"<p itemprop=\"description\"><strong>La F\u00eate du Bois revient ce week-end \u00e0 Chamrousse.<\/strong><\/p>\n<p>C\u2019est un rendez-vous incontournable pour de nombreux Is\u00e9rois. Pour la 72e fois de l\u2019histoire, la commune de Chamrousse 1650 &#8211; Recoin organise la traditionnelle F\u00eate du Bois, en collaboration avec l\u2019association Passe-Partout. L\u2019\u00e9v\u00e8nement a lieu ce samedi 9 et ce dimanche 10 ao\u00fbt.<\/p>\n<p>Plusieurs activit\u00e9s ludiques sont au programme tout au long du week-end. Le samedi, un concours de p\u00e9tanque en doublette, une foire artisanale, le concours des Passe-Partout ainsi que des d\u00e9monstrations de sculpture \u00e0 la tron\u00e7onneuse auront lieu.<\/p>\n<p>Le dimanche, la foire se poursuivra d\u00e8s 11h du matin. L\u2019apr\u00e8s-midi, les passionn\u00e9s pourront retrouver le plus ancien concours de b\u00fbcherons de France. Puis dans la soir\u00e9e, pour cl\u00f4turer la F\u00eate du Bois, un feu d\u2019artifice sera tir\u00e9.<\/p>\n","protected":false},"excerpt":{"rendered":"La F\u00eate du Bois revient ce week-end \u00e0 Chamrousse. C\u2019est un rendez-vous incontournable pour de nombreux Is\u00e9rois. Pour&hellip;\n","protected":false},"author":2,"featured_media":302078,"comment_status":"","ping_status":"","sticky":false,"template":"","format":"standard","meta":{"footnotes":""},"categories":[9566],"tags":[1111,11,7733,8279,2430,7736,650,7734,2889,2263,1777,674,1011,27,2731,8280,6417,1114,108,4662,12,3725,1825,25,7737],"class_list":{"0":"post-302077","1":"post","2":"type-post","3":"status-publish","4":"format-standard","5":"has-post-thumbnail","7":"category-grenoble","8":"tag-actu","9":"tag-actualites","10":"tag-alpes","11":"tag-alpes1","12":"tag-auvergne-rhone-alpes","13":"tag-cds","14":"tag-cinema","15":"tag-ecoute","16":"tag-emission","17":"tag-equipe","18":"tag-eu","19":"tag-europe","20":"tag-fr","21":"tag-france","22":"tag-grenoble","23":"tag-haute","24":"tag-information","25":"tag-infos","26":"tag-isere","27":"tag-journal","28":"tag-news","29":"tag-podcast","30":"tag-radio","31":"tag-republique-francaise","32":"tag-winamp"},"share_on_mastodon":{"url":"https:\/\/pubeurope.com\/@fr\/114986027876912645","error":""},"_links":{"self":[{"href":"https:\/\/www.europesays.com\/fr\/wp-json\/wp\/v2\/posts\/302077","targetHints":{"allow":["GET"]}}],"collection":[{"href":"https:\/\/www.europesays.com\/fr\/wp-json\/wp\/v2\/posts"}],"about":[{"href":"https:\/\/www.europesays.com\/fr\/wp-json\/wp\/v2\/types\/post"}],"author":[{"embeddable":true,"href":"https:\/\/www.europesays.com\/fr\/wp-json\/wp\/v2\/users\/2"}],"replies":[{"embeddable":true,"href":"https:\/\/www.europesays.com\/fr\/wp-json\/wp\/v2\/comments?post=302077"}],"version-history":[{"count":0,"href":"https:\/\/www.europesays.com\/fr\/wp-json\/wp\/v2\/posts\/302077\/revisions"}],"wp:featuredmedia":[{"embeddable":true,"href":"https:\/\/www.europesays.com\/fr\/wp-json\/wp\/v2\/media\/302078"}],"wp:attachment":[{"href":"https:\/\/www.europesays.com\/fr\/wp-json\/wp\/v2\/media?parent=302077"}],"wp:term":[{"taxonomy":"category","embeddable":true,"href":"https:\/\/www.europesays.com\/fr\/wp-json\/wp\/v2\/categories?post=302077"},{"taxonomy":"post_tag","embeddable":true,"href":"https:\/\/www.europesays.com\/fr\/wp-json\/wp\/v2\/tags?post=302077"}],"curies":[{"name":"wp","href":"https:\/\/api.w.org\/{rel}","templated":true}]}}