{"id":302079,"date":"2025-08-07T06:18:13","date_gmt":"2025-08-07T06:18:13","guid":{"rendered":"https:\/\/www.europesays.com\/fr\/302079\/"},"modified":"2025-08-07T06:18:13","modified_gmt":"2025-08-07T06:18:13","slug":"matteo-tomasi-rejoint-le-fc-gueugnon","status":"publish","type":"post","link":"https:\/\/www.europesays.com\/fr\/302079\/","title":{"rendered":"Matteo Tomasi rejoint le FC Gueugnon"},"content":{"rendered":"<p>Le Grenoblois Matteo Tomasi s\u2019est engag\u00e9 en faveur du FC Gueugnon (R\u00e9gional 1) pour la saison 2025 \u2013 2026. <\/p>\n<p>Le communiqu\u00e9 des Forgerons <\/p>\n<p><strong>Matteo Tomasi rejoint les rangs du<a href=\"https:\/\/www.fcgueugnon.fr\/site\/mercato-2025-2026-matteo-tomasi-rejoint-les-rangs-forgerons-pour-2025-2026\/54823\" target=\"_blank\" rel=\"noreferrer noopener nofollow\"> FC Gueugnon<\/a><\/strong><\/p>\n<p>Originaire de Grenoble, Matteo Tomasi d\u00e9bute le football \u00e0 l\u2019AC Seyssinet-Pariset d\u00e8s l\u2019\u00e2ge de 5 ans. Il poursuit ensuite son parcours au FC \u00c9chirolles, avant d\u2019int\u00e9grer le centre de formation du Grenoble Foot 38 entre 2015 et 2017. Sa progression lin\u00e9aire dans ces structures lui permet de d\u00e9velopper un profil complet au poste de milieu d\u00e9fensif, alliant lecture du jeu, volume de course et qualit\u00e9 technique.<\/p>\n<p><strong>Un parcours senior marqu\u00e9 par la polyvalence<\/strong><\/p>\n<p>Matteo fait ses d\u00e9buts chez les seniors \u00e0 Louhans-Cuiseaux, o\u00f9 il \u00e9volue durant trois saisons pleines. Il effectue ensuite un retour au GF38 en 2020-2021 avant de rejoindre le Gaz\u00e9lec Ajaccio. Par la suite, il s\u2019illustre sur l\u2019\u00eele de beaut\u00e9 avec le FC Balagne pendant deux saisons, puis au FC Eccica Suarella en 2024-2025. Partout o\u00f9 il est pass\u00e9, il a su s\u2019adapter \u00e0 diff\u00e9rents contextes et apporter sa r\u00e9gularit\u00e9 au milieu de terrain.<\/p>\n<p><strong>Une nouvelle \u00e9tape dans sa carri\u00e8re<\/strong><\/p>\n<p>\u00c0 26 ans, Matteo Tomasi poursuit son chemin en rejoignant les rangs du FC Gueugnon. Ce nouveau challenge s\u2019inscrit dans la continuit\u00e9 de son parcours, marqu\u00e9 par des passages dans plusieurs clubs formateurs et comp\u00e9titifs. D\u00e9sormais, il d\u00e9couvrira le cadre gueugnonnais, avec l\u2019ambition de trouver rapidement sa place au sein de l\u2019effectif de Soni Mustivar.<\/p>\n<p>Matteo, nous te souhaitons la bienvenue \u00e0 Gueugnon !<\/p>\n<p><img fetchpriority=\"high\" decoding=\"async\" width=\"2048\" height=\"2560\" src=\"https:\/\/www.europesays.com\/fr\/wp-content\/uploads\/2025\/08\/Matteo-Tomasi-scaled-1.jpg\" class=\"attachment-post-thumbnail size-post-thumbnail wp-post-image\" alt=\"\" style=\"object-fit:cover;\"  \/><\/p>\n","protected":false},"excerpt":{"rendered":"Le Grenoblois Matteo Tomasi s\u2019est engag\u00e9 en faveur du FC Gueugnon (R\u00e9gional 1) pour la saison 2025 \u2013&hellip;\n","protected":false},"author":2,"featured_media":302080,"comment_status":"","ping_status":"","sticky":false,"template":"","format":"standard","meta":{"footnotes":""},"categories":[9566],"tags":[1111,11,2430,1777,674,1011,27,2731,12,25],"class_list":{"0":"post-302079","1":"post","2":"type-post","3":"status-publish","4":"format-standard","5":"has-post-thumbnail","7":"category-grenoble","8":"tag-actu","9":"tag-actualites","10":"tag-auvergne-rhone-alpes","11":"tag-eu","12":"tag-europe","13":"tag-fr","14":"tag-france","15":"tag-grenoble","16":"tag-news","17":"tag-republique-francaise"},"share_on_mastodon":{"url":"https:\/\/pubeurope.com\/@fr\/114986031781097373","error":""},"_links":{"self":[{"href":"https:\/\/www.europesays.com\/fr\/wp-json\/wp\/v2\/posts\/302079","targetHints":{"allow":["GET"]}}],"collection":[{"href":"https:\/\/www.europesays.com\/fr\/wp-json\/wp\/v2\/posts"}],"about":[{"href":"https:\/\/www.europesays.com\/fr\/wp-json\/wp\/v2\/types\/post"}],"author":[{"embeddable":true,"href":"https:\/\/www.europesays.com\/fr\/wp-json\/wp\/v2\/users\/2"}],"replies":[{"embeddable":true,"href":"https:\/\/www.europesays.com\/fr\/wp-json\/wp\/v2\/comments?post=302079"}],"version-history":[{"count":0,"href":"https:\/\/www.europesays.com\/fr\/wp-json\/wp\/v2\/posts\/302079\/revisions"}],"wp:featuredmedia":[{"embeddable":true,"href":"https:\/\/www.europesays.com\/fr\/wp-json\/wp\/v2\/media\/302080"}],"wp:attachment":[{"href":"https:\/\/www.europesays.com\/fr\/wp-json\/wp\/v2\/media?parent=302079"}],"wp:term":[{"taxonomy":"category","embeddable":true,"href":"https:\/\/www.europesays.com\/fr\/wp-json\/wp\/v2\/categories?post=302079"},{"taxonomy":"post_tag","embeddable":true,"href":"https:\/\/www.europesays.com\/fr\/wp-json\/wp\/v2\/tags?post=302079"}],"curies":[{"name":"wp","href":"https:\/\/api.w.org\/{rel}","templated":true}]}}