{"id":302082,"date":"2025-08-07T06:20:19","date_gmt":"2025-08-07T06:20:19","guid":{"rendered":"https:\/\/www.europesays.com\/fr\/302082\/"},"modified":"2025-08-07T06:20:19","modified_gmt":"2025-08-07T06:20:19","slug":"rennes-mille-coeurs-un-atelier-de-couture-et-une-boutique-de-cadeaux-de-naissance","status":"publish","type":"post","link":"https:\/\/www.europesays.com\/fr\/302082\/","title":{"rendered":"Rennes. Mille c\u0153urs, un atelier de couture et une boutique de cadeaux de naissance"},"content":{"rendered":"<p>            <a href=\"https:\/\/unidivers.fr\/wp-content\/uploads\/2026\/08\/5-mille-coeurs-rennes-5.jpg\" data-caption=\"\" rel=\"nofollow noopener\" target=\"_blank\"><\/p>\n<p><img loading=\"lazy\" decoding=\"async\" width=\"696\" height=\"523\" src=\"https:\/\/www.europesays.com\/fr\/wp-content\/uploads\/2025\/08\/5-mille-coeurs-rennes-5-696x523.jpg\"   alt=\"mille coeurs rennes\"\/><\/p>\n<p><\/a><\/p>\n<p>Depuis mardi 5 ao\u00fbt 2025, la<strong> rue Saint-Melaine<\/strong>, dans le<strong> centre-ville de Rennes<\/strong>, accueille un nouvel atelier-boutique \u00e0 la devanture pastel. G\u00e9r\u00e9 par la couturi\u00e8re rennaise <strong>M\u00e9lanie Guion<\/strong>,<strong> Mille\u00a0C\u0153urs<\/strong>\u00a0est d\u00e9di\u00e9 \u00e0 la couture, aux cadeaux de naissance et enfance, et \u00e0 la broderie.<\/p>\n<p>Avant d\u2019ouvrir l\u2019<strong>atelier-boutique Mille c\u0153urs<\/strong>,<strong> M\u00e9lanie Guion<\/strong> travaillait chez elle, dans le quartier de la Courrouze. Depuis un an et demi, elle propose des services de retouche et r\u00e9paration de v\u00eatements, tout en confectionnant ses propres cr\u00e9ations textiles :\u00a0 adorables\u00a0chaussons, chouchous color\u00e9s, coussins \u00e0 colorier, jupe assortie fille-m\u00e8re, etc. Elle n\u2019\u00e9tait pourtant pas destin\u00e9e \u00e0 s\u2019\u00e9panouir dans la couture, mais la cr\u00e9ation de robes de c\u00e9r\u00e9monie et les retouches pour son entourage lui ont mis le pied \u00e0 l\u2019\u00e9trier et encourager \u00e0 se lancer. En quatre ans, elle est pass\u00e9e d\u2019employ\u00e9e dans une agence de communication \u00e0 couturi\u00e8re ind\u00e9pendante, apr\u00e8s l\u2019obtention d\u2019un CAP couture au lyc\u00e9e Guilloux \u00e0 Rennes.\u00a0C\u2019est sa fille, qui a aujourd\u2019hui 6 ans, qui lui a inspir\u00e9 le monde de la petite enfance et de l\u2019enfance.\u00a0<\/p>\n<p><img loading=\"lazy\" decoding=\"async\" width=\"1267\" height=\"951\" src=\"https:\/\/www.europesays.com\/fr\/wp-content\/uploads\/2025\/08\/mille-coeurs-rennes-7.jpg\" alt=\"mille coeurs rennes\"  \/><\/p>\n<p>M\u00e9lanie Guion, couturi\u00e8re de Mille c\u0153urs<\/p>\n<p>Si l\u2019auto-entrepreneuse a test\u00e9 ses cr\u00e9ations, notamment le rayon b\u00e9b\u00e9, sur les march\u00e9s de cr\u00e9ation, le manque de place et l\u2019envie de recevoir les clients la poussent \u00e0 ouvrir un lieu d\u00e9di\u00e9 afin de concilier ses diff\u00e9rentes activit\u00e9s.\u00a0Chez <strong>Mille c\u0153urs<\/strong>, plusieurs services sont propos\u00e9s : une boutique avec ses cr\u00e9ations de v\u00eatements et d\u2019accessoires,\u00a0des id\u00e9es cadeaux de naissance et enfants ainsi qu\u2019un atelier ouvert qui permet de voir la couturi\u00e8re \u00e0 l\u2019oeuvre.\u00a0<\/p>\n<p><strong>M\u00e9lanie Guion <\/strong>travaille exclusivement avec du<strong> tissu de qualit\u00e9 labellis\u00e9\u00a0Oeco-Tex<\/strong>. Ses chaussons sont notamment confectionn\u00e9s \u00e0 partir de polaire de coton bio et les chaussons r\u00e9versibles, eux, contiennent de la ouatine en coton, de m\u00eame pour les gigoteuses. \u00ab\u00a0Quand je peux, je trouve une alternative au polyester.\u00a0\u00bb Et si elle ne peut pas faire l\u2019impasse, elle opte pour un<strong> polyester Oeco-Tex<\/strong> comme avec les couvertures et gilets en doudoune sherpa qui seront en boutique cet hiver.\u00a0<\/p>\n<p><img loading=\"lazy\" decoding=\"async\" width=\"1990\" height=\"1502\" src=\"https:\/\/www.europesays.com\/fr\/wp-content\/uploads\/2025\/08\/chaussons-mille-coeurs-1-scaled-e1754491881246.jpeg\" alt=\"mille coeurs\" class=\"wp-image-3055651\"  \/>Collection de chaussons de Mille c\u0153ur, avec une doublure en coton bio<\/p>\n<p>Parall\u00e8lement, elle propose un service de retouches et r\u00e9parations.\u00a0M\u00e9lanie est d\u2019ailleurs <strong>labellis\u00e9e Refashion<\/strong>, l\u2019\u00e9co-organisme de la Fili\u00e8re Textile. En vous rendant dans la boutique d\u2019un r\u00e9parateur labellis\u00e9, vous b\u00e9n\u00e9ficiez de r\u00e9ductions imm\u00e9diates en caisse pour la r\u00e9paration de vos v\u00eatements. \u00ab Ce dispositif encourage les consommateurs \u00e0 faire r\u00e9parer leurs textiles et chaussures plut\u00f4t que de racheter. Je m\u2019occupe des d\u00e9marches, le client n\u2019a rien \u00e0 faire, juste \u00e0 venir me voir avec son v\u00eatement ab\u00eem\u00e9.\u00a0\u00bb\u00a0<\/p>\n<p>Au del\u00e0 de ses propres cr\u00e9ations, quelques produits viennent de l\u2019ext\u00e9rieur, notamment les peluches.\u00a0\u00ab\u00a0Tous les produits pour les enfants de moins de trois ans doivent \u00eatre test\u00e9s en laboratoire\u00a0\u00bb, nous apprend-elle. \u00ab\u00a0\u00c7a\u00a0viendra, mais pour l\u2019instant je pr\u00e9f\u00e8re passer par produits d\u00e9j\u00e0 test\u00e9s et valid\u00e9s pour compl\u00e9ter l\u2019offre des id\u00e9es cadeaux.\u00a0\u00bb\u00a0M\u00e9lanie a choisi des mod\u00e8les de la<strong> marque Keeleco<\/strong> qui transforme des bouteilles d\u2019eau en de mignons doudous. Sa fille lui a aussi souffl\u00e9 \u00e0 l\u2019oreille les peluches\u00a0super color\u00e9es,\u00a0tr\u00e8s appr\u00e9ci\u00e9es des enfants,\u00a0de l\u2019entreprise normande .\u00a0\u00a0<\/p>\n<p><img loading=\"lazy\" decoding=\"async\" width=\"961\" height=\"1280\" src=\"https:\/\/www.europesays.com\/fr\/wp-content\/uploads\/2025\/08\/mille-coeurs-rennes-6.jpg\" alt=\"mille coeurs rennes\"  \/><\/p>\n<p><img loading=\"lazy\" decoding=\"async\" width=\"1280\" height=\"961\" data-id=\"3055225\" src=\"https:\/\/www.europesays.com\/fr\/wp-content\/uploads\/2025\/08\/3-mille-coeurs-rennes-3.jpg\" alt=\"mille coeurs rennes\"  \/><\/p>\n<p><img loading=\"lazy\" decoding=\"async\" width=\"1280\" height=\"961\" data-id=\"3055230\" src=\"https:\/\/www.europesays.com\/fr\/wp-content\/uploads\/2025\/08\/4-mille-coeurs-rennes-4.jpg\" alt=\"mille coeurs rennes\"  \/><\/p>\n<p>De jolies boucles d\u2019oreille \u00e0 base de fleurs s\u00e9ch\u00e9es, r\u00e9alis\u00e9es par une amie qui pr\u00e9f\u00e8re rester anonyme pour le moment, reposent aussi \u00e0 c\u00f4t\u00e9 des bracelets de montre en tissu de M\u00e9lanie.\u00a0\u00a0<\/p>\n<p>Dans un futur plus ou moins proche, la couturi\u00e8re aimerait proposer des ateliers d\u2019initiation et d\u2019apprentissage \u00e0 la couture mais elle attend de savoir comment concilier atelier et ouverture de boutique.\u00a0<\/p>\n<p class=\"has-text-align-center\">Infos pratiques : <\/p>\n<p class=\"has-text-align-center\">Mille c\u0153urs, 12 rue Saint-Melaine, 35 000 Rennes<br \/><a href=\"https:\/\/www.instagram.com\/millecoeursrennes\/\" target=\"_blank\" rel=\"noreferrer noopener nofollow\">Instagram <\/a>\/ <a href=\"http:\/\/millecoeurs.fr\/\" target=\"_blank\" rel=\"noreferrer noopener nofollow\">Site Internet<\/a><\/p>\n<p class=\"has-text-align-center\">Horaires d\u2019\u00e9t\u00e9 :<br \/>Du mardi au vendredi de 14h \u00e0 19h<br \/>Samedi de 10h30 \u00e0 19h<\/p>\n<p>        <script async src=\"\/\/www.instagram.com\/embed.js\"><\/script><\/p>\n","protected":false},"excerpt":{"rendered":"Depuis mardi 5 ao\u00fbt 2025, la rue Saint-Melaine, dans le centre-ville de Rennes, accueille un nouvel atelier-boutique \u00e0&hellip;\n","protected":false},"author":2,"featured_media":302083,"comment_status":"","ping_status":"","sticky":false,"template":"","format":"standard","meta":{"footnotes":""},"categories":[2821],"tags":[1111,11,829,1777,674,1011,27,12,584,25],"class_list":{"0":"post-302082","1":"post","2":"type-post","3":"status-publish","4":"format-standard","5":"has-post-thumbnail","7":"category-rennes","8":"tag-actu","9":"tag-actualites","10":"tag-bretagne","11":"tag-eu","12":"tag-europe","13":"tag-fr","14":"tag-france","15":"tag-news","16":"tag-rennes","17":"tag-republique-francaise"},"share_on_mastodon":{"url":"https:\/\/pubeurope.com\/@fr\/114986039907636155","error":""},"_links":{"self":[{"href":"https:\/\/www.europesays.com\/fr\/wp-json\/wp\/v2\/posts\/302082","targetHints":{"allow":["GET"]}}],"collection":[{"href":"https:\/\/www.europesays.com\/fr\/wp-json\/wp\/v2\/posts"}],"about":[{"href":"https:\/\/www.europesays.com\/fr\/wp-json\/wp\/v2\/types\/post"}],"author":[{"embeddable":true,"href":"https:\/\/www.europesays.com\/fr\/wp-json\/wp\/v2\/users\/2"}],"replies":[{"embeddable":true,"href":"https:\/\/www.europesays.com\/fr\/wp-json\/wp\/v2\/comments?post=302082"}],"version-history":[{"count":0,"href":"https:\/\/www.europesays.com\/fr\/wp-json\/wp\/v2\/posts\/302082\/revisions"}],"wp:featuredmedia":[{"embeddable":true,"href":"https:\/\/www.europesays.com\/fr\/wp-json\/wp\/v2\/media\/302083"}],"wp:attachment":[{"href":"https:\/\/www.europesays.com\/fr\/wp-json\/wp\/v2\/media?parent=302082"}],"wp:term":[{"taxonomy":"category","embeddable":true,"href":"https:\/\/www.europesays.com\/fr\/wp-json\/wp\/v2\/categories?post=302082"},{"taxonomy":"post_tag","embeddable":true,"href":"https:\/\/www.europesays.com\/fr\/wp-json\/wp\/v2\/tags?post=302082"}],"curies":[{"name":"wp","href":"https:\/\/api.w.org\/{rel}","templated":true}]}}