{"id":302084,"date":"2025-08-07T06:21:16","date_gmt":"2025-08-07T06:21:16","guid":{"rendered":"https:\/\/www.europesays.com\/fr\/302084\/"},"modified":"2025-08-07T06:21:16","modified_gmt":"2025-08-07T06:21:16","slug":"toute-lactu-top-music-volotea-propose-deux-nouvelles-destinations-depuis-laeroport-de-strasbourg","status":"publish","type":"post","link":"https:\/\/www.europesays.com\/fr\/302084\/","title":{"rendered":"Toute l&rsquo;actu Top Music &#8211; Volotea propose deux nouvelles destinations depuis l\u2019a\u00e9roport de Strasbourg"},"content":{"rendered":"<p><img decoding=\"async\" class=\"\" style=\"width:100%\" src=\"https:\/\/www.europesays.com\/fr\/wp-content\/uploads\/2025\/08\/DSC_0733_1__1_1754488065519.webp.webp\" alt=\"Volotea est la premi\u00e8re compagnie a\u00e9rienne de l\u2019A\u00e9roport de Strasbourg.\"\/><\/p>\n<p>Volotea est la premi\u00e8re compagnie a\u00e9rienne de l\u2019A\u00e9roport de Strasbourg.<\/p>\n<p>Cr\u00e9dit : DR &#8211; Volotea<\/p>\n<p>Alors que la compagnie <a href=\"https:\/\/www.topmusic.fr\/ryanair-quitte-l-aeroport-de-strasbourg\" target=\"_blank\" rel=\"noopener\">Ryanair<\/a> a r\u00e9cemment annonc\u00e9 son <strong>d\u00e9part<\/strong> de l\u2019a\u00e9roport de Strasbourg, <strong>Volotea \u00e9toffe son r\u00e9seau<\/strong>. Une bonne nouvelle si vous souhaitez d\u00e8s \u00e0 pr\u00e9sent r\u00e9server vos vacances hivernales : il sera possible d\u2019aller \u00e0 <strong>Porto au Portugal et Agadir au Maroc.<\/strong><\/p>\n<ul>\n<li>La ville de <strong>Porto<\/strong>\u00a0sera desservie \u00e0 raison de <strong>deux vols par semaine, les mardis et vendredis<\/strong>, \u00e0 partir du 29 novembre 2025. (except\u00e9 pendant la p\u00e9riode de No\u00ebl avec des vols les mardis et samedis).<\/li>\n<li>La ville <strong>d\u2019Agadir<\/strong> sera accessible depuis Strasbourg d\u00e8s le 29 novembre avec un vol par semaine, <strong>le samedi.<\/strong><\/li>\n<\/ul>\n<p style=\"text-align: justify;\">Les billets sont d\u00e9j\u00e0 en vente sur le site de Volotea, les prix d\u00e9marrent \u00e0 <strong>29 euros<\/strong> selon la compagnie a\u00e9rienne. Avec les nouvelles lignes vers Porto et Agadir, Volotea reliera d\u00e9sormais Strasbourg \u00e0 <strong>27 destinations dans sept pays<\/strong> (Croatie, Espagne, France, Gr\u00e8ce, Italie, Maroc et Portugal). \u00ab Nous sommes heureux de poursuivre cette croissance, nous \u0153uvrons pour\u00a0<strong>renforcer la connectivit\u00e9 de Strasbourg avec l\u2019Europe et au-del\u00e0<\/strong>, affirmant ainsi notre engagement aupr\u00e8s des voyageurs du Grand Est, tout en contribuant activement au dynamisme \u00e9conomique local gr\u00e2ce \u00e0\u00a0<strong>la cr\u00e9ation de nombreux emplois <\/strong>\u00bb,\u00a0souligne\u00a0Gilles Gosselin, Directeur France de Volotea.\u00a0<\/p>\n","protected":false},"excerpt":{"rendered":"Volotea est la premi\u00e8re compagnie a\u00e9rienne de l\u2019A\u00e9roport de Strasbourg. Cr\u00e9dit : DR &#8211; Volotea Alors que la&hellip;\n","protected":false},"author":2,"featured_media":302085,"comment_status":"","ping_status":"","sticky":false,"template":"","format":"standard","meta":{"footnotes":""},"categories":[2820],"tags":[1111,11,30491,2389,37,18087,1777,674,1011,27,775,2223,12,4391,13475,25,640,7421,4890,2528,8085,11756,2692],"class_list":{"0":"post-302084","1":"post","2":"type-post","3":"status-publish","4":"format-standard","5":"has-post-thumbnail","7":"category-strasbourg","8":"tag-actu","9":"tag-actualites","10":"tag-aeroport-de-strasbourg","11":"tag-alsace","12":"tag-avion","13":"tag-etranger","14":"tag-eu","15":"tag-europe","16":"tag-fr","17":"tag-france","18":"tag-grand-est","19":"tag-maroc","20":"tag-news","21":"tag-passeport","22":"tag-porto","23":"tag-republique-francaise","24":"tag-strasbourg","25":"tag-topmusic","26":"tag-topmusicfrance","27":"tag-vacances","28":"tag-valise","29":"tag-volotea","30":"tag-vols"},"share_on_mastodon":{"url":"https:\/\/pubeurope.com\/@fr\/114986043619914203","error":""},"_links":{"self":[{"href":"https:\/\/www.europesays.com\/fr\/wp-json\/wp\/v2\/posts\/302084","targetHints":{"allow":["GET"]}}],"collection":[{"href":"https:\/\/www.europesays.com\/fr\/wp-json\/wp\/v2\/posts"}],"about":[{"href":"https:\/\/www.europesays.com\/fr\/wp-json\/wp\/v2\/types\/post"}],"author":[{"embeddable":true,"href":"https:\/\/www.europesays.com\/fr\/wp-json\/wp\/v2\/users\/2"}],"replies":[{"embeddable":true,"href":"https:\/\/www.europesays.com\/fr\/wp-json\/wp\/v2\/comments?post=302084"}],"version-history":[{"count":0,"href":"https:\/\/www.europesays.com\/fr\/wp-json\/wp\/v2\/posts\/302084\/revisions"}],"wp:featuredmedia":[{"embeddable":true,"href":"https:\/\/www.europesays.com\/fr\/wp-json\/wp\/v2\/media\/302085"}],"wp:attachment":[{"href":"https:\/\/www.europesays.com\/fr\/wp-json\/wp\/v2\/media?parent=302084"}],"wp:term":[{"taxonomy":"category","embeddable":true,"href":"https:\/\/www.europesays.com\/fr\/wp-json\/wp\/v2\/categories?post=302084"},{"taxonomy":"post_tag","embeddable":true,"href":"https:\/\/www.europesays.com\/fr\/wp-json\/wp\/v2\/tags?post=302084"}],"curies":[{"name":"wp","href":"https:\/\/api.w.org\/{rel}","templated":true}]}}