{"id":302086,"date":"2025-08-07T06:22:29","date_gmt":"2025-08-07T06:22:29","guid":{"rendered":"https:\/\/www.europesays.com\/fr\/302086\/"},"modified":"2025-08-07T06:22:29","modified_gmt":"2025-08-07T06:22:29","slug":"le-racing-simpose-difficilement-face-au-sturm-graz-en-autriche-2-3-alsasports","status":"publish","type":"post","link":"https:\/\/www.europesays.com\/fr\/302086\/","title":{"rendered":"Le Racing s&rsquo;impose difficilement face au Sturm Graz en Autriche (2-3) \u2014 Alsa&rsquo;Sports"},"content":{"rendered":"<p><strong>Un Racing Club de Strasbourg efficace s\u2019est impos\u00e9 ce mercredi soir contre le Sturm Graz (2-3) en ayant \u00e9prouv\u00e9 quelques difficult\u00e9s de relance. <\/strong><\/p>\n<p>La logistique du jour a permis au Racing Club de Strasbourg de scinder son groupe en deux et disputer deux rencontres \u00e0 2h d\u2019intervalle et \u00e0 plus de 600 kilom\u00e8tres. La premi\u00e8re sur le terrain d\u2019entra\u00eenement du VFB Stuttgart (perdue 1-7 apr\u00e8s une rotation d\u2019effectif cons\u00e9quente), et la deuxi\u00e8me \u00e0 la Merkur Arena o\u00f9 le Racing s\u2019est difficilement impos\u00e9 (2-3).<\/p>\n<p><strong>Bajic pr\u00e9cieux, Lemar\u00e9chal en m\u00e9tronome<\/strong><\/p>\n<p>Le Racing \u00e9tait bien entr\u00e9 dans son match, au contraire des pr\u00e9c\u00e9dents rendez-vous amicaux, et s\u2019est rapidement montr\u00e9 \u00e0 son aise (frappe contr\u00e9e 2\u2032, coup franc au-dessus 7\u2032) gr\u00e2ce \u00e0 un F\u00e9lix Lemar\u00e9chal pr\u00e9cieux tout du long. Mais les hommes de Justin Walker, qui a pris en charge l\u2019\u00e9quipe en l\u2019absence de Liam Rosenior sur le banc \u00e0 Stuttgart deux heures plus t\u00f4t, ont \u00e9t\u00e9 malmen\u00e9s notamment par des erreurs dans la relance. Le club autrichien a longtemps but\u00e9 sur Stefan Bajic (16\u2032, 20\u2032, 21\u2032, 30\u2032) , le gardien mis \u00e0 l\u2019essai par Strasbourg, avant d\u2019encaisser deux buts plut\u00f4t contre le cours du jeu.<\/p>\n<p>Les Racingmen ont ouvert le score sur coup de pied arr\u00eat\u00e9 lorsque Junior Mwanga a repris d\u2019une t\u00eate au second poteau le corner de Samuel Amo-Ameyaw (0-1, 27\u2032). L\u2019ailier anglais est d\u2019ailleurs celui qui a magnifiquement doubl\u00e9 la mise en se mettant sur son pied gauche pour enrouler un ballon imparable (0-2, 42\u2032). Un avantage de deux buts plut\u00f4t heureux pour le Racing qui s\u2019est montr\u00e9 efficace sur de rares incursions dans la surface, et apr\u00e8s avoir commis des erreurs de relance et subit six occasions adverses en premi\u00e8re p\u00e9riode.<\/p>\n<p><strong>Un second acte parti dans tous les sens<\/strong><\/p>\n<p>C\u2019est en seconde p\u00e9riode que le pensionnaire de la Merkur Arena a enfin concr\u00e9tis\u00e9 ses bonnes intentions. D\u2019abord sur un p\u00e9nalty g\u00e9n\u00e9reux de Leon Grgic (1-2, 57\u2032) apr\u00e8s une faute \u00e9vitable de F\u00e9lix Lemar\u00e9chal qui semblait en dehors de la surface. Puis sur une nouvelle erreur en phase d\u00e9fensive o\u00f9 Panichelli a perdu le ballon, battu au duel par son vis-\u00e0-vis pour relancer, qu\u2019a exploit\u00e9 Jacob Hodl sur une puissante frappe (2-2, 75\u2032). <\/p>\n<p>Strasbourg et le Sturm Graz semblaient se quitter bons amis mais sur l\u2019une des ultimes offensives, Milos Lukovic a inscrit le but de la victoire (2-3, 88\u2032) apr\u00e8s un joli une-deux avec Demba Diop. Au d\u00e9part, F\u00e9lix Lemar\u00e9chal se muait en meneur de jeu pour trouver une passe laser \u00e0 destination de ses deux co\u00e9quipiers. Un dernier arr\u00eat de Stefan Bajic (90+2\u2019) a permis \u00e0 son \u00e9quipe de s\u2019imposer dans une rencontre loin d\u2019\u00eatre \u00e9vidente (8 tirs cadr\u00e9s \u00e0 5 pour les autrichiens) mais qui aura permis d\u2019\u00e9lever l\u2019intensit\u00e9 \u00e0 onze jours de la reprise du championnat de France.<\/p>\n<p><strong>La composition : <\/strong><\/p>\n<p class=\"has-text-align-center\">Panichelli<\/p>\n<p class=\"has-text-align-center\">Sobol Lemar\u00e9chal Diop Amo-Ameyaw<\/p>\n<p class=\"has-text-align-center\">El Mourabet Amougou<\/p>\n<p class=\"has-text-align-center\">Sylla Omo Mwanga<\/p>\n<p class=\"has-text-align-center\">Bajic<\/p>\n<p><strong>Les changements : Lukovic (32\u2032, Amougou sorti bless\u00e9), Kodia et Biten (79\u2032, Sylla et Panichelli). <\/strong><\/p>\n","protected":false},"excerpt":{"rendered":"Un Racing Club de Strasbourg efficace s\u2019est impos\u00e9 ce mercredi soir contre le Sturm Graz (2-3) en ayant&hellip;\n","protected":false},"author":2,"featured_media":302087,"comment_status":"","ping_status":"","sticky":false,"template":"","format":"standard","meta":{"footnotes":""},"categories":[2820],"tags":[1111,11,1777,674,63,1011,27,775,12,4448,25,640],"class_list":{"0":"post-302086","1":"post","2":"type-post","3":"status-publish","4":"format-standard","5":"has-post-thumbnail","7":"category-strasbourg","8":"tag-actu","9":"tag-actualites","10":"tag-eu","11":"tag-europe","12":"tag-football","13":"tag-fr","14":"tag-france","15":"tag-grand-est","16":"tag-news","17":"tag-rc-strasbourg","18":"tag-republique-francaise","19":"tag-strasbourg"},"share_on_mastodon":{"url":"https:\/\/pubeurope.com\/@fr\/114986047477313257","error":""},"_links":{"self":[{"href":"https:\/\/www.europesays.com\/fr\/wp-json\/wp\/v2\/posts\/302086","targetHints":{"allow":["GET"]}}],"collection":[{"href":"https:\/\/www.europesays.com\/fr\/wp-json\/wp\/v2\/posts"}],"about":[{"href":"https:\/\/www.europesays.com\/fr\/wp-json\/wp\/v2\/types\/post"}],"author":[{"embeddable":true,"href":"https:\/\/www.europesays.com\/fr\/wp-json\/wp\/v2\/users\/2"}],"replies":[{"embeddable":true,"href":"https:\/\/www.europesays.com\/fr\/wp-json\/wp\/v2\/comments?post=302086"}],"version-history":[{"count":0,"href":"https:\/\/www.europesays.com\/fr\/wp-json\/wp\/v2\/posts\/302086\/revisions"}],"wp:featuredmedia":[{"embeddable":true,"href":"https:\/\/www.europesays.com\/fr\/wp-json\/wp\/v2\/media\/302087"}],"wp:attachment":[{"href":"https:\/\/www.europesays.com\/fr\/wp-json\/wp\/v2\/media?parent=302086"}],"wp:term":[{"taxonomy":"category","embeddable":true,"href":"https:\/\/www.europesays.com\/fr\/wp-json\/wp\/v2\/categories?post=302086"},{"taxonomy":"post_tag","embeddable":true,"href":"https:\/\/www.europesays.com\/fr\/wp-json\/wp\/v2\/tags?post=302086"}],"curies":[{"name":"wp","href":"https:\/\/api.w.org\/{rel}","templated":true}]}}