{"id":302088,"date":"2025-08-07T06:23:12","date_gmt":"2025-08-07T06:23:12","guid":{"rendered":"https:\/\/www.europesays.com\/fr\/302088\/"},"modified":"2025-08-07T06:23:12","modified_gmt":"2025-08-07T06:23:12","slug":"un-pointu-entierement-renove-va-reprendre-la-mer-a-villefranche-sur-mer","status":"publish","type":"post","link":"https:\/\/www.europesays.com\/fr\/302088\/","title":{"rendered":"Un pointu enti\u00e8rement r\u00e9nov\u00e9 va reprendre la mer \u00e0 Villefranche-sur-Mer"},"content":{"rendered":"<p>Parfaitement sangl\u00e9 et prot\u00e9g\u00e9 comme il se doit, la grue du port le prendra en charge afin de le d\u00e9poser d\u00e9licatement dans l&rsquo;eau.<\/p>\n<p>Les cinq \u00e9l\u00e9ments sont r\u00e9unis pour redonner vie \u00e0 ce pointu construit \u00e0 Villefranche en 1952. Beaucoup de sueur, d&rsquo;amour et de passion autour de ce projet compl\u00e8tement fou et audacieux. Mais sans passion rien ne vaut d&rsquo;\u00eatre v\u00e9cu !<\/p>\n<p>Dans l&rsquo;ambiance d&rsquo;une des vo\u00fbtes historiques du port d\u00e9partemental de la Darse, au sein de l&rsquo;atelier de l&rsquo;association SEPT 06 dirig\u00e9e par Andy Corbidge, le pointu Bavecca II de la famille Teadi va enfin pouvoir naviguer pour le plus grand plaisir de ces trois g\u00e9n\u00e9rations r\u00e9unies autour de ce d\u00e9fi fantastique.<\/p>\n<p>Ce pointu, c&rsquo;est le cadeau offert pour ses 40 ans par Jacques Teadi \u00e0 son fils Jonathan !<\/p>\n<p>Et combien de visiteurs sont venus timidement franchir le pas de cet atelier pour d\u00e9couvrir l&rsquo;avanc\u00e9e des travaux engag\u00e9s par cette bande de passionn\u00e9s?<\/p>\n<p>Mais dor\u00e9navant, place \u00e0 l&rsquo;aventure maritime pour ce vestige des temps pass\u00e9s que l&rsquo;on retrouvera sans aucun doute lors des plus belles concentrations de vieux gr\u00e9ements et autres embarcations m\u00e9diterran\u00e9ennes de prestige.<\/p>\n<p>              <img ci-src=\"https:\/\/www.nicematin.com\/vie-locale\/Mise+a%CC%80+l%27eau+Bavecca+2+-+E-ebFgzIah.jpg?vh=00ed03&amp;ci_seal=96f63f11c8\" alt=\"\"\/><br \/>\n         <strong>Photo Eric Duli\u00e8re.<\/strong> <\/p>\n","protected":false},"excerpt":{"rendered":"Parfaitement sangl\u00e9 et prot\u00e9g\u00e9 comme il se doit, la grue du port le prendra en charge afin de&hellip;\n","protected":false},"author":2,"featured_media":302089,"comment_status":"","ping_status":"","sticky":false,"template":"","format":"standard","meta":{"footnotes":""},"categories":[2819],"tags":[1111,11,1777,674,1011,27,12,2401,882,25,3366],"class_list":{"0":"post-302088","1":"post","2":"type-post","3":"status-publish","4":"format-standard","5":"has-post-thumbnail","7":"category-nice","8":"tag-actu","9":"tag-actualites","10":"tag-eu","11":"tag-europe","12":"tag-fr","13":"tag-france","14":"tag-news","15":"tag-nice","16":"tag-provence-alpes-cote-dazur","17":"tag-republique-francaise","18":"tag-vie-locale"},"share_on_mastodon":{"url":"https:\/\/pubeurope.com\/@fr\/114986051374977702","error":""},"_links":{"self":[{"href":"https:\/\/www.europesays.com\/fr\/wp-json\/wp\/v2\/posts\/302088","targetHints":{"allow":["GET"]}}],"collection":[{"href":"https:\/\/www.europesays.com\/fr\/wp-json\/wp\/v2\/posts"}],"about":[{"href":"https:\/\/www.europesays.com\/fr\/wp-json\/wp\/v2\/types\/post"}],"author":[{"embeddable":true,"href":"https:\/\/www.europesays.com\/fr\/wp-json\/wp\/v2\/users\/2"}],"replies":[{"embeddable":true,"href":"https:\/\/www.europesays.com\/fr\/wp-json\/wp\/v2\/comments?post=302088"}],"version-history":[{"count":0,"href":"https:\/\/www.europesays.com\/fr\/wp-json\/wp\/v2\/posts\/302088\/revisions"}],"wp:featuredmedia":[{"embeddable":true,"href":"https:\/\/www.europesays.com\/fr\/wp-json\/wp\/v2\/media\/302089"}],"wp:attachment":[{"href":"https:\/\/www.europesays.com\/fr\/wp-json\/wp\/v2\/media?parent=302088"}],"wp:term":[{"taxonomy":"category","embeddable":true,"href":"https:\/\/www.europesays.com\/fr\/wp-json\/wp\/v2\/categories?post=302088"},{"taxonomy":"post_tag","embeddable":true,"href":"https:\/\/www.europesays.com\/fr\/wp-json\/wp\/v2\/tags?post=302088"}],"curies":[{"name":"wp","href":"https:\/\/api.w.org\/{rel}","templated":true}]}}