{"id":302100,"date":"2025-08-07T06:29:09","date_gmt":"2025-08-07T06:29:09","guid":{"rendered":"https:\/\/www.europesays.com\/fr\/302100\/"},"modified":"2025-08-07T06:29:09","modified_gmt":"2025-08-07T06:29:09","slug":"un-homme-chute-du-2e-etage-dun-batiment-en-pleine-nuit-a-toulouse","status":"publish","type":"post","link":"https:\/\/www.europesays.com\/fr\/302100\/","title":{"rendered":"Un homme chute du 2e \u00e9tage d&rsquo;un b\u00e2timent en pleine nuit \u00e0 Toulouse"},"content":{"rendered":"<p>            Par<br \/>\n        <strong><br \/>\n            <a href=\"https:\/\/actu.fr\/auteur\/marie-lamarque\" title=\"Consulter tous les articles de Marie Lamarque\" rel=\"nofollow noopener\" target=\"_blank\">Marie Lamarque<\/a><br \/>\n        <\/strong><\/p>\n<p>        Publi\u00e9 le<\/p>\n<p>            7 ao\u00fbt 2025 \u00e0 7h39        <\/p>\n<p>Un homme a \u00e9t\u00e9 secouru en pleine nuit ce jeudi 7 ao\u00fbt 2025. Rue de la Trilhe, \u00e0 deux pas du Jardin Royal, pr\u00e8s du Grand Rond, <a href=\"https:\/\/actu.fr\/toulouse\/\" rel=\"nofollow noopener\" target=\"_blank\">\u00e0 Toulouse<\/a>, <strong>il a chut\u00e9 depuis son appartement situ\u00e9 au 2\u1d49 \u00e9tage d\u2019un b\u00e2timent<\/strong>.<\/p>\n<p>    <a href=\"https:\/\/www.google.com\/maps\/embed?pb=!1m18!1m12!1m3!1d722.3800079719757!2d1.4475238762930567!3d43.59571279353762!2m3!1f0!2f0!3f0!3m2!1i1024!2i768!4f13.1!3m3!1m2!1s0x12aebc841282d407%3A0xdd4a2c82515f73c3!2sRue%20de%20la%20Trilhe%2C%2031000%20Toulouse!5e0!3m2!1sfr!2sfr!4v1754544782756!5m2!1sfr!2sfr\" title=\"Ouvrie le lien\" rel=\"nofollow noopener\" target=\"_blank\">Cliquez ici pour visualiser le contenu<\/a><\/p>\n<p>L\u2019homme de 35 ans hospitalis\u00e9<\/p>\n<p class=\" wall-content\">\u00c2g\u00e9 de 35 ans, il a \u00e9t\u00e9 pris en charge par les pompiers, ainsi que par une \u00e9quipe du SMUR mobilis\u00e9e sur les lieux aux alentours de 3h30 du matin.<\/p>\n<p class=\" wall-content\">\u00ab\u00a0Les soins d\u2019urgence [ont \u00e9t\u00e9] prodigu\u00e9s sur place\u00a0\u00bb, indique le Service d\u00e9partemental d\u2019incendie et de secours (SDIS) 31. <strong>L\u00e9g\u00e8rement bless\u00e9<\/strong>, l\u2019homme a ensuite \u00e9t\u00e9 transport\u00e9 vers le centre hospitalier du secteur.<\/p>\n<p class=\" wall-content\">Suivez toute l\u2019actualit\u00e9 de vos villes et m\u00e9dias favoris en vous inscrivant \u00e0 <a href=\"https:\/\/moncompte.actu.fr\" title=\"D\u00e9couvez Mon Actu\" rel=\"nofollow noopener\" data-trk=\"{&quot;cta&quot;:{&quot;action&quot;:&quot;https:\\\/\\\/moncompte.actu.fr&quot;,&quot;category&quot;:&quot;mon compte&quot;,&quot;from&quot;:&quot;article footer&quot;,&quot;name&quot;:&quot;Mon actu&quot;,&quot;type&quot;:&quot;cta&quot;}}\" target=\"_blank\">Mon Actu<\/a>.<\/p>\n","protected":false},"excerpt":{"rendered":"Par Marie Lamarque Publi\u00e9 le 7 ao\u00fbt 2025 \u00e0 7h39 Un homme a \u00e9t\u00e9 secouru en pleine nuit&hellip;\n","protected":false},"author":2,"featured_media":302101,"comment_status":"","ping_status":"","sticky":false,"template":"","format":"standard","meta":{"footnotes":""},"categories":[2816],"tags":[1111,11,1777,674,118,1011,27,12,2680,1311,25,2312],"class_list":{"0":"post-302100","1":"post","2":"type-post","3":"status-publish","4":"format-standard","5":"has-post-thumbnail","7":"category-toulouse","8":"tag-actu","9":"tag-actualites","10":"tag-eu","11":"tag-europe","12":"tag-faits-divers","13":"tag-fr","14":"tag-france","15":"tag-news","16":"tag-occitanie","17":"tag-pompiers","18":"tag-republique-francaise","19":"tag-toulouse"},"share_on_mastodon":{"url":"https:\/\/pubeurope.com\/@fr\/114986074991109923","error":""},"_links":{"self":[{"href":"https:\/\/www.europesays.com\/fr\/wp-json\/wp\/v2\/posts\/302100","targetHints":{"allow":["GET"]}}],"collection":[{"href":"https:\/\/www.europesays.com\/fr\/wp-json\/wp\/v2\/posts"}],"about":[{"href":"https:\/\/www.europesays.com\/fr\/wp-json\/wp\/v2\/types\/post"}],"author":[{"embeddable":true,"href":"https:\/\/www.europesays.com\/fr\/wp-json\/wp\/v2\/users\/2"}],"replies":[{"embeddable":true,"href":"https:\/\/www.europesays.com\/fr\/wp-json\/wp\/v2\/comments?post=302100"}],"version-history":[{"count":0,"href":"https:\/\/www.europesays.com\/fr\/wp-json\/wp\/v2\/posts\/302100\/revisions"}],"wp:featuredmedia":[{"embeddable":true,"href":"https:\/\/www.europesays.com\/fr\/wp-json\/wp\/v2\/media\/302101"}],"wp:attachment":[{"href":"https:\/\/www.europesays.com\/fr\/wp-json\/wp\/v2\/media?parent=302100"}],"wp:term":[{"taxonomy":"category","embeddable":true,"href":"https:\/\/www.europesays.com\/fr\/wp-json\/wp\/v2\/categories?post=302100"},{"taxonomy":"post_tag","embeddable":true,"href":"https:\/\/www.europesays.com\/fr\/wp-json\/wp\/v2\/tags?post=302100"}],"curies":[{"name":"wp","href":"https:\/\/api.w.org\/{rel}","templated":true}]}}