{"id":302104,"date":"2025-08-07T06:31:11","date_gmt":"2025-08-07T06:31:11","guid":{"rendered":"https:\/\/www.europesays.com\/fr\/302104\/"},"modified":"2025-08-07T06:31:11","modified_gmt":"2025-08-07T06:31:11","slug":"photographe-a-lille-benjamin-a-participe-a-99-a-battre-un-nouveau-jeu-xxl-sur-m6","status":"publish","type":"post","link":"https:\/\/www.europesays.com\/fr\/302104\/","title":{"rendered":"Photographe \u00e0 Lille, Benjamin a particip\u00e9 \u00e0 \u00ab 99 \u00e0 battre \u00bb, un nouveau jeu XXL sur M6"},"content":{"rendered":"<p>            Par<br \/>\n        <strong><br \/>\n            <a href=\"https:\/\/actu.fr\/auteur\/hervine-mahaud\" title=\"Consulter tous les articles de Hervine Mahaud\" rel=\"nofollow noopener\" target=\"_blank\">Hervine Mahaud<\/a><br \/>\n        <\/strong><\/p>\n<p>        Publi\u00e9 le<\/p>\n<p>            7 ao\u00fbt 2025 \u00e0 7h30        <\/p>\n<p><b>L\u2019\u00e9mission \u00ab\u200999 \u00e0 battre\u2009\u00bb<\/b> sera diffus\u00e9e ce jeudi 7\u00a0ao\u00fbt 2025, en prime time \u00e0 21\u2009h\u200910, sur <b>M6<\/b>. Benjamin, photographe \u00e0 <a href=\"https:\/\/actu.fr\/lille\/\" rel=\"nofollow noopener\" target=\"_blank\">Lille<\/a>, y participe. Ce <b>nouveau concept de jeu<\/b>, un peu barr\u00e9, arrive directement de <a href=\"https:\/\/actu.fr\/tag\/belgique\" rel=\"nofollow noopener\" target=\"_blank\">Belgique<\/a>. L\u00e0-bas, l\u2019\u00e9mission s\u2019appelle \u00ab\u200999 to beat\u2009\u00bb. Le but\u2009? <b>Ne jamais terminer dernier, sous peine d\u2019\u00eatre \u00e9limin\u00e9<\/b>\u2009! Les candidats \u00ab\u2009devront affronter des <b>jeux de rapidit\u00e9, d\u2019adresse, de logique, de m\u00e9moire, de culture g\u00e9n\u00e9rale ou encore d\u2019agilit\u00e9 physique<\/b>\u2009\u00bb, pr\u00e9cise la production du jeu. Jusqu\u2019\u00e0 ce qu\u2019il ne reste plus qu\u2019un candidat.<\/p>\n<p>\u00ab\u2009Un concept attirant\u2009\u00bb<\/p>\n<p class=\" wall-content\"><b>Benjamin Coussemacker, 36\u00a0ans<\/b>, un habitant du centre-ville lillois, esp\u00e8re \u00eatre celui-l\u00e0. Il sera sur la ligne de d\u00e9part aux c\u00f4t\u00e9s des 99 autres candidats venus des quatre coins de la France. Ce photographe ind\u00e9pendant avait r\u00e9pondu \u00e0 une annonce diffus\u00e9e sur les r\u00e9seaux sociaux avant de passer un casting en visio.<\/p>\n<p class=\" wall-content\"><a href=\"https:\/\/www.instagram.com\/p\/DMlltCDJeRH\/embed\" title=\"Ouvrir le lien sur Instagram\" rel=\"nofollow noopener\" target=\"_blank\">Visualiser le contenu sur Instagram<\/a><\/p>\n<p class=\" wall-content\">\u00ab\u2009Je trouvais le concept attirant. J\u2019avais une chance sur cent de l\u2019emporter, donc je me suis dit\u2009: \u2018on verra bien\u2019. C\u2019est une \u00e9mission qui jouait beaucoup sur la fibre familiale, un peu fun. \u00c7a m\u2019a tout de suite parl\u00e9\u2009! Je l\u2019ai pris comme une chance.\u2009\u00bb<b><\/b><\/p>\n<p>Monter un meuble en kit, faire voler des avions en papier\u2026<\/p>\n<p class=\" wall-content\">Les candidats s\u2019affronteront \u00e0 travers 70 \u00e9preuves d\u00e9jant\u00e9es comme \u00ab\u2009faire voler un avion en papier le plus loin possible, construire un meuble en kit le plus rapidement, enlever une chemise boutonn\u00e9e \u00e0 une main, participer \u00e0 une partie de chifoumi g\u00e9ante\u2026\u2009\u00bb<\/p>\n<p class=\" wall-content\"><a href=\"https:\/\/www.instagram.com\/p\/DM5GBMoqmhl\/embed\" title=\"Ouvrir le lien sur Instagram\" rel=\"nofollow noopener\" target=\"_blank\">Visualiser le contenu sur Instagram<\/a><\/p>\n<p class=\" wall-content\">Autant de d\u00e9fis qui feront appel \u00e0 leur sens de l\u2019adaptation. Le Lillois en garde en tout cas \u00ab\u2009un tr\u00e8s bon souvenir. C\u2019\u00e9tait une exp\u00e9rience humaine incroyable. Durant le jeu, les <b>\u00e9motions sont doubl\u00e9es voire tripl\u00e9es.\u2009\u00bb<\/b><\/p>\n<p>\u00c0 la fois dr\u00f4le et impitoyable<\/p>\n<p class=\" wall-content\">Les nerfs des candidats seront mis \u00e0 rude \u00e9preuve, pr\u00e9vient-il. \u00ab\u2009Plus on avance dans le jeu, et plus c\u2019est stressant. Quand on commence \u00e0 voir qu\u2019on est dans les 40-50 derniers, la pression commence \u00e0 monter dangereusement\u2009!\u2009\u00bb C\u2019est que quelque part, 99 \u00e0 battre\u2009fait rejaillir des souvenirs d\u2019enfance, cette \u00e9poque de la vie o\u00f9 \u00ab\u2009finir dernier\u2009\u00bb \u00e9tait v\u00e9cu comme une humiliation absolue. \u00ab\u2009Quand j\u2019\u00e9tais petit, j\u2019\u00e9tais tr\u00e8s comp\u00e9titeur. Mais aujourd\u2019hui, \u00e7a m\u2019est un peu pass\u00e9. Cela dit, \u00e7a m\u2019a rappel\u00e9 des souvenirs du centre a\u00e9r\u00e9\u2009\u00bb, confie Benjamin.<\/p>\n<p>100\u2009000\u00a0euros mis en jeu<\/p>\n<p class=\" wall-content\">Ce n\u2019est pas uniquement le ch\u00e8que de 100\u2009000\u00a0euros promis au grand gagnant qui l\u2019a pouss\u00e9 sous les feux de la rampe. \u00ab\u2009Bien s\u00fbr tout le monde avait cette somme en t\u00eate, mais quand on est dans le jeu, franchement, on n\u2019y pense pas du tout. On avait surtout \u00e0 c\u0153ur de ne pas terminer dernier. Car \u00e7a, c\u2019est jamais bon\u2009!\u2009\u00bb<\/p>\n<p>    <img   decoding=\"async\" loading=\"lazy\" class=\"size-large\" src=\"https:\/\/www.europesays.com\/fr\/wp-content\/uploads\/2025\/08\/3cdeb1c3c198650eeb1c3c19834eebv-960x640.jpg\" alt=\"Eric ANTOINE Jujufitcats ET LES 100 CANDIDATS - PHOTO CONCEPT - 99 A BATTRE  Saison 1\" width=\"960\" height=\"640\"\/><br \/>\n    \u00c9ric Antoine et Juju Fitcats pr\u00e9sentent le jeu TV. \u00a9Guillaume MIRAND\/M6<\/p>\n<p class=\" wall-content\">D\u00e8s les premi\u00e8res minutes de l\u2019\u00e9mission, les sensations \u00e9taient d\u00e9cupl\u00e9es. \u00ab\u2009Nous \u00e9tions en cercle, de dos, et on avait tous des lunettes opaques. Au milieu de ce cercle, la production avait dispos\u00e9 des swiss ball. Au signal sonore, on devait se retourner et s\u2019asseoir dessus. Le dernier assis \u00e9tait \u00e9limin\u00e9\u2009\u00bb, d\u00e9crit le Nordiste.<\/p>\n<p>Un terrain de jeu de 5\u2009000\u00a0m2<\/p>\n<p class=\" wall-content\">Presque toutes ces activit\u00e9s sont reproductibles en famille, pour faire \u00ab\u2009comme \u00e0 la t\u00e9l\u00e9\u2009\u00bb, appr\u00e9cie le repr\u00e9sentant des Hauts-de-France. \u00ab\u2009Les gens peuvent m\u00eame les refaire chez eux, dans leur salon, pendant l\u2019\u00e9mission. C\u2019est vraiment bon enfant.\u2009\u00bb Le tournage, qui s\u2019est d\u00e9roul\u00e9 \u00e0 l\u2019automne 2024, dans un lieu tenu secret de 5\u2009000\u00a0m2, l\u2019a beaucoup marqu\u00e9. C\u2019est ainsi qu\u2019il a pu tisser des liens tr\u00e8s forts avec d\u2019autres candidats de tous milieux sociaux.<b\/><\/p>\n<p>Pr\u00e9sent\u00e9 par Eric Antoine et Juju Fitcats<\/p>\n<p class=\" wall-content\">L\u2019humoriste et magicien <b>Eric Antoine<\/b>\u00a0ainsi que l\u2019influenceuse <b>Juju Fitcats<\/b>\u00a0assureront la pr\u00e9sentation de ce programme familial, d\u00e9crit par\u00a0M6 comme \u00ab\u2009le jeu le plus fou de France\u2009\u00bb.<\/p>\n<p class=\" wall-content\"><a href=\"https:\/\/www.instagram.com\/p\/DM2hNtDKuyI\/embed\" title=\"Ouvrir le lien sur Instagram\" rel=\"nofollow noopener\" target=\"_blank\">Visualiser le contenu sur Instagram<\/a><\/p>\n<p class=\" wall-content\">Jeudi, Benjamin regardera l\u2019\u00e9mission depuis son canap\u00e9, \u00ab\u2009avec des amis et de la famille\u2009\u00bb. Il se dit impatient de voir ce que \u00e7a rend \u00e0 la t\u00e9l\u00e9. \u00ab\u2009Je pense que beaucoup de gens vont adorer regarder \u00e7a.\u2009\u00bb Le Lillois s\u2019est en tout cas r\u00e9gal\u00e9. \u00ab\u2009C\u2019est une \u00e9mission qui va cartonner, car \u00e7a ne ressemble \u00e0 rien de ce qu\u2019on conna\u00eet d\u00e9j\u00e0 \u00e0 la t\u00e9l\u00e9.\u2009\u00bb<\/p>\n<p class=\" wall-content\"><b>Nicolas Giorgi<\/b><\/p>\n<p class=\" wall-content\">Suivez toute l\u2019actualit\u00e9 de vos villes et m\u00e9dias favoris en vous inscrivant \u00e0 <a href=\"https:\/\/moncompte.actu.fr\" title=\"D\u00e9couvez Mon Actu\" rel=\"nofollow noopener\" data-trk=\"{&quot;cta&quot;:{&quot;action&quot;:&quot;https:\\\/\\\/moncompte.actu.fr&quot;,&quot;category&quot;:&quot;mon compte&quot;,&quot;from&quot;:&quot;article footer&quot;,&quot;name&quot;:&quot;Mon actu&quot;,&quot;type&quot;:&quot;cta&quot;}}\" target=\"_blank\">Mon Actu<\/a>.<\/p>\n<p>                    <script async src=\"\/\/www.instagram.com\/embed.js\"><\/script><\/p>\n","protected":false},"excerpt":{"rendered":"Par Hervine Mahaud Publi\u00e9 le 7 ao\u00fbt 2025 \u00e0 7h30 L\u2019\u00e9mission \u00ab\u200999 \u00e0 battre\u2009\u00bb sera diffus\u00e9e ce jeudi&hellip;\n","protected":false},"author":2,"featured_media":302105,"comment_status":"","ping_status":"","sticky":false,"template":"","format":"standard","meta":{"footnotes":""},"categories":[2815],"tags":[1111,11,1777,674,1011,27,811,1307,1652,12,25,252],"class_list":{"0":"post-302104","1":"post","2":"type-post","3":"status-publish","4":"format-standard","5":"has-post-thumbnail","7":"category-lille","8":"tag-actu","9":"tag-actualites","10":"tag-eu","11":"tag-europe","12":"tag-fr","13":"tag-france","14":"tag-hauts-de-france","15":"tag-lille","16":"tag-loisirs-culture","17":"tag-news","18":"tag-republique-francaise","19":"tag-television"},"share_on_mastodon":{"url":"https:\/\/pubeurope.com\/@fr\/114986082898719384","error":""},"_links":{"self":[{"href":"https:\/\/www.europesays.com\/fr\/wp-json\/wp\/v2\/posts\/302104","targetHints":{"allow":["GET"]}}],"collection":[{"href":"https:\/\/www.europesays.com\/fr\/wp-json\/wp\/v2\/posts"}],"about":[{"href":"https:\/\/www.europesays.com\/fr\/wp-json\/wp\/v2\/types\/post"}],"author":[{"embeddable":true,"href":"https:\/\/www.europesays.com\/fr\/wp-json\/wp\/v2\/users\/2"}],"replies":[{"embeddable":true,"href":"https:\/\/www.europesays.com\/fr\/wp-json\/wp\/v2\/comments?post=302104"}],"version-history":[{"count":0,"href":"https:\/\/www.europesays.com\/fr\/wp-json\/wp\/v2\/posts\/302104\/revisions"}],"wp:featuredmedia":[{"embeddable":true,"href":"https:\/\/www.europesays.com\/fr\/wp-json\/wp\/v2\/media\/302105"}],"wp:attachment":[{"href":"https:\/\/www.europesays.com\/fr\/wp-json\/wp\/v2\/media?parent=302104"}],"wp:term":[{"taxonomy":"category","embeddable":true,"href":"https:\/\/www.europesays.com\/fr\/wp-json\/wp\/v2\/categories?post=302104"},{"taxonomy":"post_tag","embeddable":true,"href":"https:\/\/www.europesays.com\/fr\/wp-json\/wp\/v2\/tags?post=302104"}],"curies":[{"name":"wp","href":"https:\/\/api.w.org\/{rel}","templated":true}]}}