{"id":302108,"date":"2025-08-07T06:33:09","date_gmt":"2025-08-07T06:33:09","guid":{"rendered":"https:\/\/www.europesays.com\/fr\/302108\/"},"modified":"2025-08-07T06:33:09","modified_gmt":"2025-08-07T06:33:09","slug":"cinq-nouveaux-lieux-a-la-tendance-mono-food-a-marseille","status":"publish","type":"post","link":"https:\/\/www.europesays.com\/fr\/302108\/","title":{"rendered":"Cinq nouveaux lieux \u00e0 la tendance \u00ab\u00a0mono food\u00a0\u00bb \u00e0 Marseille"},"content":{"rendered":"<p>B\u00e4ltis, le nouveau glacier libanais qui rafra\u00eechit La Canebi\u00e8re<\/p>\n<p>Les sorbets font partie int\u00e9grante de la culture libanaise. \u00ab\u00a0Il y a 1 200 ans, de la neige du mont Liban \u00e9tait m\u00e9lang\u00e9e \u00e0 des sirops pour former des sharabs, l\u2019anc\u00eatre du sorbet\u00a0\u00bb, raconte Jean-Michel de Tarrazi, l\u2019un des g\u00e9rants de\u00a0B\u00e4ltis, <a href=\"https:\/\/www.laprovence.com\/article\/sortie-loisirs\/6525163137805914\/les-cinq-glaciers-immanquables-en-provence\" target=\"_blank\" rel=\"noopener\">nouvelle glacerie libanaise<\/a> install\u00e9e sur La Canebi\u00e8re, apr\u00e8s deux adresses \u00e0 Paris. \u00c0 la carte, des saveurs typiques de la M\u00e9diterran\u00e9e\u00a0: thym-huile d\u2019olive, fleur d\u2019oranger, mandarine ou encore figue s\u00e9ch\u00e9e (de 5 \u00e0 7,40\u00a0\u20ac pour les glaces et sorbets classiques et de 7 \u00e0 9,40\u00a0\u20ac pour les sp\u00e9cialit\u00e9s). \u00ab\u00a0Nos glaces sont 100% naturelles, sans \u00e9mulsifiants, sans conservateurs et pauvres en sucre et en cr\u00e8me\u00a0\u00bb, pr\u00e9cise le g\u00e9rant. Elles sont confectionn\u00e9es par Jean-Thomas Schneider, Meilleur Ouvrier de France et champion du monde de glace. La maison propose aussi une gourmandise qui cartonne d\u00e9j\u00e0\u00a0: des cookies maison chauds garnis d\u2019une boule de glace (8,20\u00a0\u20ac) \u00e0 d\u00e9guster sur place ou en balade sur le Vieux-Port.<\/p>\n<p><strong>13, La Canebi\u00e8re, 1er. Tous les jours de 12\u00a0h \u00e0 23\u00a0h.<\/strong>&#13;<\/p>\n","protected":false},"excerpt":{"rendered":"B\u00e4ltis, le nouveau glacier libanais qui rafra\u00eechit La Canebi\u00e8re Les sorbets font partie int\u00e9grante de la culture libanaise.&hellip;\n","protected":false},"author":2,"featured_media":302109,"comment_status":"","ping_status":"","sticky":false,"template":"","format":"standard","meta":{"footnotes":""},"categories":[2814],"tags":[17,1111,11,17888,3216,1777,674,2656,1011,27,2831,884,44222,12,1113,882,25],"class_list":{"0":"post-302108","1":"post","2":"type-post","3":"status-publish","4":"format-standard","5":"has-post-thumbnail","7":"category-marseille","8":"tag-17","9":"tag-actu","10":"tag-actualites","11":"tag-adresses","12":"tag-cinq","13":"tag-eu","14":"tag-europe","15":"tag-food","16":"tag-fr","17":"tag-france","18":"tag-loisirs-traditions","19":"tag-marseille","20":"tag-mono","21":"tag-news","22":"tag-nouvelles","23":"tag-provence-alpes-cote-dazur","24":"tag-republique-francaise"},"share_on_mastodon":{"url":"https:\/\/pubeurope.com\/@fr\/114986090790219263","error":""},"_links":{"self":[{"href":"https:\/\/www.europesays.com\/fr\/wp-json\/wp\/v2\/posts\/302108","targetHints":{"allow":["GET"]}}],"collection":[{"href":"https:\/\/www.europesays.com\/fr\/wp-json\/wp\/v2\/posts"}],"about":[{"href":"https:\/\/www.europesays.com\/fr\/wp-json\/wp\/v2\/types\/post"}],"author":[{"embeddable":true,"href":"https:\/\/www.europesays.com\/fr\/wp-json\/wp\/v2\/users\/2"}],"replies":[{"embeddable":true,"href":"https:\/\/www.europesays.com\/fr\/wp-json\/wp\/v2\/comments?post=302108"}],"version-history":[{"count":0,"href":"https:\/\/www.europesays.com\/fr\/wp-json\/wp\/v2\/posts\/302108\/revisions"}],"wp:featuredmedia":[{"embeddable":true,"href":"https:\/\/www.europesays.com\/fr\/wp-json\/wp\/v2\/media\/302109"}],"wp:attachment":[{"href":"https:\/\/www.europesays.com\/fr\/wp-json\/wp\/v2\/media?parent=302108"}],"wp:term":[{"taxonomy":"category","embeddable":true,"href":"https:\/\/www.europesays.com\/fr\/wp-json\/wp\/v2\/categories?post=302108"},{"taxonomy":"post_tag","embeddable":true,"href":"https:\/\/www.europesays.com\/fr\/wp-json\/wp\/v2\/tags?post=302108"}],"curies":[{"name":"wp","href":"https:\/\/api.w.org\/{rel}","templated":true}]}}