{"id":302110,"date":"2025-08-07T06:34:15","date_gmt":"2025-08-07T06:34:15","guid":{"rendered":"https:\/\/www.europesays.com\/fr\/302110\/"},"modified":"2025-08-07T06:34:15","modified_gmt":"2025-08-07T06:34:15","slug":"le-nina-marseille-bar-a-tapas-et-restaurant-dans-le-centre-de-marseille","status":"publish","type":"post","link":"https:\/\/www.europesays.com\/fr\/302110\/","title":{"rendered":"Le Nina Marseille : bar \u00e0 tapas et restaurant dans le centre de Marseille"},"content":{"rendered":"<p>Au c\u0153ur de la place Notre-Dame du Mont, j\u2019ai d\u00e9nich\u00e9 une v\u00e9ritable p\u00e9pite qui fait vibrer les papilles des Marseillais. La Nena, ce <strong>bar \u00e0 tapas asturien authentique<\/strong>, s\u2019est install\u00e9 dans le 6\u00e8me arrondissement de la cit\u00e9 phoc\u00e9enne. En fl\u00e2nant entre les ruelles anim\u00e9es du centre, on ne peut pas manquer sa jolie <strong>terrasse ombrag\u00e9e par un majestueux platane<\/strong>. Angela, originaire des Asturies, et Johanna, d\u00e9coratrice de talent, ont cr\u00e9\u00e9 ce lieu chaleureux depuis d\u00e9but mai. J\u2019y ai d\u00e9couvert une immersion compl\u00e8te dans la <strong>culture gastronomique du nord de l\u2019Espagne<\/strong>, \u00e0 deux pas du Vieux-Port!<\/p>\n<p>La carte des boissons : une s\u00e9lection authentique des Asturies<br \/>\nDes vins espagnols et des cocktails m\u00e9diterran\u00e9ens<\/p>\n<p>La Nena propose une carte des boissons qui ferait p\u00e2lir d\u2019envie les meilleurs bars de Barcelone! J\u2019ai pu d\u00e9guster des <strong>vins espagnols soigneusement s\u00e9lectionn\u00e9s<\/strong> \u00e0 partir de 4\u20ac le verre. Le tinto de verano, ce m\u00e9lange rafra\u00eechissant de vin rouge et de limonade, m\u2019a rappel\u00e9 mes voyages sur la c\u00f4te m\u00e9diterran\u00e9enne. Pour les amateurs de sensations plus fortes, les cocktails maison valent vraiment le d\u00e9tour.<\/p>\n<ul>\n<li>Vins espagnols \u00e0 partir de 4\u20ac le verre<\/li>\n<li>Tinto de verano, la boisson estivale par excellence<\/li>\n<li>Cocktails m\u00e9diterran\u00e9ens aux saveurs ensoleill\u00e9es<\/li>\n<\/ul>\n<p>Le cidre asturien : une tradition \u00e0 d\u00e9couvrir<\/p>\n<p>Si tu cherches une exp\u00e9rience unique, ne manque pas le <strong>service traditionnel du cidre asturien<\/strong>! Isidrin, v\u00e9ritable maestro du service, utilise une pompe sp\u00e9ciale pour verser cette boisson embl\u00e9matique des Asturies. Le geste est impressionnant: il \u00e9l\u00e8ve la bouteille \u00e0 bout de bras pour cr\u00e9er une longue cascade dor\u00e9e qui atterrit dans le verre. Cette technique permet d\u2019a\u00e9rer le cidre et de r\u00e9v\u00e9ler tous ses ar\u00f4mes. La Nena propose aussi du vermouth, respectant la tradition dominicale espagnole, ainsi que des bi\u00e8res venues tout droit de la p\u00e9ninsule ib\u00e9rique.<\/p>\n<p><img loading=\"lazy\" width=\"1344\" height=\"896\" decoding=\"async\" src=\"data:image\/svg+xml,%3Csvg%20xmlns=\" http:=\"\" alt=\"Bi\u00e8re blonde mousseuse vers\u00e9e dans un verre de bar\" data-lazy-src=\"https:\/\/www.europesays.com\/fr\/wp-content\/uploads\/2025\/08\/biere_doree_coulant_en_verre_4024.jpg\"\/><\/p>\n<p>Un voyage culinaire au c\u0153ur des Asturies<br \/>\nDes tapas de qualit\u00e9 import\u00e9s directement d\u2019Espagne<\/p>\n<p>La carte des <strong>tapas de La Nena est organis\u00e9e par familles th\u00e9matiques<\/strong>: \u00ab\u00a0incontournables\u00a0\u00bb, \u00ab\u00a0la carne\u00a0\u00bb, \u00ab\u00a0el mar\u00a0\u00bb, sans oublier les fameuses tortillas et croquetas. J\u2019ai eu un coup de c\u0153ur pour le pulpo a la gallega, ce <strong>poulpe tendre pr\u00e9par\u00e9 \u00e0 la galicienne<\/strong> qui fond en bouche. Le cachopo, sorte de cordon bleu asturien avec sa sauce aux poivrons, m\u2019a \u00e9galement conquis. Les prix oscillent entre 5\u20ac et 16\u20ac, avec des portions g\u00e9n\u00e9reuses qui justifient largement ce tarif.<\/p>\n<ul>\n<li>Pulpo a la gallega et cachopo, stars incontest\u00e9es de la carte<\/li>\n<li>Chorizo mijot\u00e9 au cidre, un classique revisit\u00e9<\/li>\n<li>Patatas bravas et leurs sauces maison<\/li>\n<\/ul>\n<p>Des produits d\u2019exception et une touche locale<\/p>\n<p>La qualit\u00e9 des produits fait toute la diff\u00e9rence \u00e0 La Nena. Angela importe directement <strong>des produits labellis\u00e9s des Asturies<\/strong> comme la charcuterie de la ferme Gancedo ou les conserves de poisson d\u2019El Viejo Pescador. Les <a href=\"https:\/\/www.newsofmarseille.com\/cafe-epices-marseille-decouvrez-specialites-culinaires-restaurants-mediterraneens-00124772025.html\" target=\"_blank\" rel=\"noopener\">sp\u00e9cialit\u00e9s m\u00e9diterran\u00e9ennes<\/a> sont mises \u00e0 l\u2019honneur avec un savoir-faire unique. J\u2019ai ador\u00e9 d\u00e9couvrir les fromages asturiens comme le cabrales, le Gamoneu ou l\u2019afuega\u2019l pitu, des p\u00e9pites m\u00e9connues en France.<\/p>\n<ol>\n<li>Charcuteries espagnoles d\u2019exception (jambon bellota, lomo, paleta)<\/li>\n<li>Fromages asturiens au caract\u00e8re affirm\u00e9<\/li>\n<li>Produits de la mer soigneusement s\u00e9lectionn\u00e9s<\/li>\n<\/ol>\n<p>Le plus surprenant? La Nena int\u00e8gre subtilement quelques <strong>produits locaux marseillais<\/strong> comme le pain de Pain Pan, le Pastis de La Plaine et le caf\u00e9 Corto. Une fa\u00e7on de cr\u00e9er un pont entre ces deux cultures m\u00e9diterran\u00e9ennes que j\u2019appr\u00e9cie particuli\u00e8rement. La prochaine fois que tu cherches un lieu authentique pour partager un moment convivial autour de bonnes assiettes, fonce \u00e0 La Nena!<\/p>\n<p><img loading=\"lazy\" decoding=\"async\" width=\"150\" height=\"150\" src=\"data:image\/svg+xml,%3Csvg%20xmlns=\" http:=\"\" class=\"attachment-150x150 size-150x150\" alt=\"\" itemprop=\"image\" data-lazy- data-lazy- data-lazy-src=\"https:\/\/www.europesays.com\/fr\/wp-content\/uploads\/2025\/04\/img2-150x150.png\"\/><\/p>\n<p>Je suis Adrien, r\u00e9dacteur virtuel depuis quelques ann\u00e9es. J&rsquo;aime pouvoir partager avec vous les tendances Lifestyle sur le blog News Of Marseille. J&rsquo;esp\u00e8re que vous prendrez plaisir \u00e0 lire mes articles !<\/p>\n<p><a href=\"https:\/\/www.present.fr\/vivre-bali-guide-complet-sexpatrier-france-conseils-pratiques-partir\/\" target=\"_blank\" rel=\"noopener\"><br \/>\n  <img loading=\"lazy\" decoding=\"async\" width=\"1298\" height=\"560\" src=\"data:image\/svg+xml,%3Csvg%20xmlns=\" http:=\"\" alt=\"Vivre \u00e0 Bali\" style=\"width:100%; height:auto;\" data-lazy-src=\"https:\/\/www.europesays.com\/fr\/wp-content\/uploads\/2025\/07\/Design-sans-titre-2025-06-23T141323.113.jpg\"\/><br \/>\n<\/a><\/p>\n<p>Partagez l&rsquo;article ou suivez nous !<\/p>\n<p>\n\tNos images sont \u00e0 but illustratif et peuvent ne pas repr\u00e9senter la r\u00e9alit\u00e9<\/p>\n","protected":false},"excerpt":{"rendered":"Au c\u0153ur de la place Notre-Dame du Mont, j\u2019ai d\u00e9nich\u00e9 une v\u00e9ritable p\u00e9pite qui fait vibrer les papilles&hellip;\n","protected":false},"author":2,"featured_media":302111,"comment_status":"","ping_status":"","sticky":false,"template":"","format":"standard","meta":{"footnotes":""},"categories":[2814],"tags":[43998,44223,1111,11,44224,1777,674,1011,27,44225,884,12,882,25],"class_list":{"0":"post-302110","1":"post","2":"type-post","3":"status-publish","4":"format-standard","5":"has-post-thumbnail","7":"category-marseille","8":"tag-acces-aux-bars","9":"tag-acces-aux-tapas","10":"tag-actu","11":"tag-actualites","12":"tag-bar-a-tapas","13":"tag-eu","14":"tag-europe","15":"tag-fr","16":"tag-france","17":"tag-gastronomie-espagnole","18":"tag-marseille","19":"tag-news","20":"tag-provence-alpes-cote-dazur","21":"tag-republique-francaise"},"share_on_mastodon":{"url":"https:\/\/pubeurope.com\/@fr\/114986094645313008","error":""},"_links":{"self":[{"href":"https:\/\/www.europesays.com\/fr\/wp-json\/wp\/v2\/posts\/302110","targetHints":{"allow":["GET"]}}],"collection":[{"href":"https:\/\/www.europesays.com\/fr\/wp-json\/wp\/v2\/posts"}],"about":[{"href":"https:\/\/www.europesays.com\/fr\/wp-json\/wp\/v2\/types\/post"}],"author":[{"embeddable":true,"href":"https:\/\/www.europesays.com\/fr\/wp-json\/wp\/v2\/users\/2"}],"replies":[{"embeddable":true,"href":"https:\/\/www.europesays.com\/fr\/wp-json\/wp\/v2\/comments?post=302110"}],"version-history":[{"count":0,"href":"https:\/\/www.europesays.com\/fr\/wp-json\/wp\/v2\/posts\/302110\/revisions"}],"wp:featuredmedia":[{"embeddable":true,"href":"https:\/\/www.europesays.com\/fr\/wp-json\/wp\/v2\/media\/302111"}],"wp:attachment":[{"href":"https:\/\/www.europesays.com\/fr\/wp-json\/wp\/v2\/media?parent=302110"}],"wp:term":[{"taxonomy":"category","embeddable":true,"href":"https:\/\/www.europesays.com\/fr\/wp-json\/wp\/v2\/categories?post=302110"},{"taxonomy":"post_tag","embeddable":true,"href":"https:\/\/www.europesays.com\/fr\/wp-json\/wp\/v2\/tags?post=302110"}],"curies":[{"name":"wp","href":"https:\/\/api.w.org\/{rel}","templated":true}]}}