{"id":302119,"date":"2025-08-07T06:39:10","date_gmt":"2025-08-07T06:39:10","guid":{"rendered":"https:\/\/www.europesays.com\/fr\/302119\/"},"modified":"2025-08-07T06:39:10","modified_gmt":"2025-08-07T06:39:10","slug":"cap-sur-ribaute-commune-ou-tout-a-commence","status":"publish","type":"post","link":"https:\/\/www.europesays.com\/fr\/302119\/","title":{"rendered":"cap sur Ribaute, commune o\u00f9 tout a commenc\u00e9"},"content":{"rendered":"<p>            lire plus tard<\/p>\n<p id=\"dialog__title\" class=\"dialog__title\">Pour sauvegarder cet article, connectez-vous ou cr\u00e9ez un compte franceinfo<\/p>\n<p class=\"dialog__description\">Sans paiement. Sans abonnement.<\/p>\n<p>        Fermer la fen\u00eatre d\u2019activation des notifications France Info<\/p>\n<p>            cr\u00e9er votre compte<\/p>\n<p>            se connecter<\/p>\n<p>        Fermer la fen\u00eatre de pr\u00e9sentation<\/p>\n<p>    Publi\u00e9 le 07\/08\/2025 07:35<\/p>\n<p>        Temps de lecture : 1min &#8211; vid\u00e9o : 1min<\/p>\n<p>    <img decoding=\"async\" class=\"francetv-player-wrapper__image\" alt=\"Alors que l'origine du m\u00e9ga-feu dans l'Aude n'a pas encore \u00e9t\u00e9 d\u00e9cr\u00e9t\u00e9e, une seule certitude r\u00e9side : le feu s'est d\u00e9clench\u00e9 \u00e0 Ribaute, probablement au bord d'une route selon la gendarmerie. Le maire de la commune est toujours sous le choc.\"  width=\"432\" height=\"243\" src=\"https:\/\/www.europesays.com\/fr\/wp-content\/uploads\/2025\/08\/incendie-dans-l-aude-ribaute-la-ou-tout-a-commence-689439ebc9f0d159274792.jpg\" fetchpriority=\"high\"\/><\/p>\n<p>              Alors que l&rsquo;origine du m\u00e9ga-feu dans l&rsquo;Aude n&rsquo;a pas encore \u00e9t\u00e9 d\u00e9cr\u00e9t\u00e9e, une seule certitude r\u00e9side : le feu s&rsquo;est d\u00e9clench\u00e9 \u00e0 Ribaute, probablement au bord d&rsquo;une route selon la gendarmerie. Le maire de la commune est toujours sous le choc.<br \/>\n                    (franceinfo)<\/p>\n<p>      1min<\/p>\n<p class=\"c-chapo \">\n  Alors que l&rsquo;origine du m\u00e9ga-feu dans l&rsquo;Aude n&rsquo;a pas encore \u00e9t\u00e9 d\u00e9cr\u00e9t\u00e9e, une seule certitude r\u00e9side : le feu s&rsquo;est d\u00e9clench\u00e9 \u00e0 Ribaute, probablement au bord d&rsquo;une route selon la gendarmerie. Le maire de la commune est toujours sous le choc.\n<\/p>\n<p><strong>Ce texte correspond \u00e0 une partie de la retranscription du reportage ci-dessus. Cliquez sur la vid\u00e9o pour la regarder dans son int\u00e9gralit\u00e9.\u00a0<\/strong><\/p>\n<p>En sillonnant les routes de son village calcin\u00e9, Alain Coste, le maire de Ribaute (Aude), est sous le choc. Mardi 5 ao\u00fbt, c&rsquo;est sur la commune qu&rsquo;a d\u00e9marr\u00e9\u00a0<a href=\"https:\/\/www.franceinfo.fr\/environnement\/evenements-meteorologiques-extremes\/incendies-et-feux-de-foret\/incendie-meurtrier-dans-l-aude\/recit-le-feu-a-fonce-sur-le-village-a-une-vitesse-impressionnante-comment-un-incendie-a-embrase-l-aude-en-quelques-heures_7420963.html\" rel=\"nofollow noopener\" target=\"_blank\">l&rsquo;incendie d&rsquo;une ampleur in\u00e9dite<\/a>. 16 000 hectares sont partis en fum\u00e9e. Tout est all\u00e9 tr\u00e8s vite. Le maire est revenu sur les lieux, au bord du talus, o\u00f9 tout a commenc\u00e9.\u00a0\u00ab\u00a0C&rsquo;est le retour du feu qui est venu, qui est redescendu et qui a pris un chantier. C&rsquo;\u00e9tait un ancien garage qui \u00e9tait en train d&rsquo;\u00eatre transform\u00e9 en maison d&rsquo;habitation, mais malheureusement, il a \u00e9t\u00e9 la proie des flammes\u00a0\u00bb, constate l\u2019\u00e9dile.<\/p>\n<p>Vingt-cinq habitations ont \u00e9t\u00e9 touch\u00e9es par les flammes et plusieurs communes \u00e9vacu\u00e9es. Le maire, boulevers\u00e9, se pose aujourd&rsquo;hui des questions. L&rsquo;enqu\u00eate est en cours. Un m\u00e9got jet\u00e9 fait partie des hypoth\u00e8ses. Le maire crie sa col\u00e8re.\u00a0\u00ab\u00a0Comment peut-on \u00eatre aussi inconscient de prendre le risque de provoquer un feu qui a des cons\u00e9quences aussi terribles ? On a quand m\u00eame une personne qui est d\u00e9c\u00e9d\u00e9e. On a des pompiers qui sont gravement bless\u00e9s. C&rsquo;est incalculable\u00a0\u00bb,\u00a0fustige Alain Coste. \u00c0 Ribaute, on attend des r\u00e9ponses. Un appel \u00e0 t\u00e9moins a \u00e9t\u00e9 lanc\u00e9.<\/p>\n<p class=\"related-tags__title\" role=\"heading\" aria-level=\"2\">les mots-cl\u00e9s associ\u00e9s \u00e0 cet article\n    <\/p>\n","protected":false},"excerpt":{"rendered":"lire plus tard Pour sauvegarder cet article, connectez-vous ou cr\u00e9ez un compte franceinfo Sans paiement. Sans abonnement. Fermer&hellip;\n","protected":false},"author":2,"featured_media":302120,"comment_status":"","ping_status":"","sticky":false,"template":"","format":"standard","meta":{"footnotes":""},"categories":[1888],"tags":[1111,1928,11,1927,1777,674,1011,27,12,1926,626,1925,25],"class_list":{"0":"post-302119","1":"post","2":"type-post","3":"status-publish","4":"format-standard","5":"has-post-thumbnail","7":"category-paris","8":"tag-actu","9":"tag-actu-paris","10":"tag-actualites","11":"tag-actualites-paris","12":"tag-eu","13":"tag-europe","14":"tag-fr","15":"tag-france","16":"tag-news","17":"tag-news-paris","18":"tag-paris","19":"tag-paris-news","20":"tag-republique-francaise"},"share_on_mastodon":{"url":"https:\/\/pubeurope.com\/@fr\/114986114370371693","error":""},"_links":{"self":[{"href":"https:\/\/www.europesays.com\/fr\/wp-json\/wp\/v2\/posts\/302119","targetHints":{"allow":["GET"]}}],"collection":[{"href":"https:\/\/www.europesays.com\/fr\/wp-json\/wp\/v2\/posts"}],"about":[{"href":"https:\/\/www.europesays.com\/fr\/wp-json\/wp\/v2\/types\/post"}],"author":[{"embeddable":true,"href":"https:\/\/www.europesays.com\/fr\/wp-json\/wp\/v2\/users\/2"}],"replies":[{"embeddable":true,"href":"https:\/\/www.europesays.com\/fr\/wp-json\/wp\/v2\/comments?post=302119"}],"version-history":[{"count":0,"href":"https:\/\/www.europesays.com\/fr\/wp-json\/wp\/v2\/posts\/302119\/revisions"}],"wp:featuredmedia":[{"embeddable":true,"href":"https:\/\/www.europesays.com\/fr\/wp-json\/wp\/v2\/media\/302120"}],"wp:attachment":[{"href":"https:\/\/www.europesays.com\/fr\/wp-json\/wp\/v2\/media?parent=302119"}],"wp:term":[{"taxonomy":"category","embeddable":true,"href":"https:\/\/www.europesays.com\/fr\/wp-json\/wp\/v2\/categories?post=302119"},{"taxonomy":"post_tag","embeddable":true,"href":"https:\/\/www.europesays.com\/fr\/wp-json\/wp\/v2\/tags?post=302119"}],"curies":[{"name":"wp","href":"https:\/\/api.w.org\/{rel}","templated":true}]}}